{"id":521608,"date":"2026-05-01T12:07:19","date_gmt":"2026-05-01T10:07:19","guid":{"rendered":"https:\/\/info-des-communes.fr\/?p=521608"},"modified":"2026-05-01T12:07:19","modified_gmt":"2026-05-01T10:07:19","slug":"1er-mai-bordeaux-lille-nantes-les-premiers-corteges-selancent-en-france","status":"publish","type":"post","link":"https:\/\/info-des-communes.fr\/?p=521608","title":{"rendered":"1er-Mai\u00a0: Bordeaux, Lille, Nantes&#8230; Les premiers cort\u00e8ges s&rsquo;\u00e9lancent en France"},"content":{"rendered":"<p>Cette ann\u00e9e, les syndicats appellent les salari\u00e9s \u00e0 battre le pav\u00e9 pour d\u00e9fendre ce jour f\u00e9ri\u00e9 et ch\u00f4m\u00e9, alors que le gouvernement souhaite en revoir les modalit\u00e9s.<\/p>","protected":false},"excerpt":{"rendered":"<p>Cette ann\u00e9e, les syndicats appellent les salari\u00e9s \u00e0 battre le pav\u00e9 pour d\u00e9fendre ce jour f\u00e9ri\u00e9 et ch\u00f4m\u00e9, alors que le gouvernement souhaite en revoir les modalit\u00e9s.<\/p>\n","protected":false},"author":2,"featured_media":521609,"comment_status":"","ping_status":"closed","sticky":false,"template":"","format":"standard","meta":{"footnotes":""},"categories":[106],"tags":[],"class_list":["post-521608","post","type-post","status-publish","format-standard","has-post-thumbnail","hentry","category-actualites"],"_links":{"self":[{"href":"https:\/\/info-des-communes.fr\/index.php?rest_route=\/wp\/v2\/posts\/521608","targetHints":{"allow":["GET"]}}],"collection":[{"href":"https:\/\/info-des-communes.fr\/index.php?rest_route=\/wp\/v2\/posts"}],"about":[{"href":"https:\/\/info-des-communes.fr\/index.php?rest_route=\/wp\/v2\/types\/post"}],"author":[{"embeddable":true,"href":"https:\/\/info-des-communes.fr\/index.php?rest_route=\/wp\/v2\/users\/2"}],"replies":[{"embeddable":true,"href":"https:\/\/info-des-communes.fr\/index.php?rest_route=%2Fwp%2Fv2%2Fcomments&post=521608"}],"version-history":[{"count":0,"href":"https:\/\/info-des-communes.fr\/index.php?rest_route=\/wp\/v2\/posts\/521608\/revisions"}],"wp:featuredmedia":[{"embeddable":true,"href":"https:\/\/info-des-communes.fr\/index.php?rest_route=\/wp\/v2\/media\/521609"}],"wp:attachment":[{"href":"https:\/\/info-des-communes.fr\/index.php?rest_route=%2Fwp%2Fv2%2Fmedia&parent=521608"}],"wp:term":[{"taxonomy":"category","embeddable":true,"href":"https:\/\/info-des-communes.fr\/index.php?rest_route=%2Fwp%2Fv2%2Fcategories&post=521608"},{"taxonomy":"post_tag","embeddable":true,"href":"https:\/\/info-des-communes.fr\/index.php?rest_route=%2Fwp%2Fv2%2Ftags&post=521608"}],"curies":[{"name":"wp","href":"https:\/\/api.w.org\/{rel}","templated":true}]}}