{"id":521606,"date":"2026-05-01T10:01:50","date_gmt":"2026-05-01T08:01:50","guid":{"rendered":"https:\/\/info-des-communes.fr\/?p=521606"},"modified":"2026-05-01T10:01:50","modified_gmt":"2026-05-01T08:01:50","slug":"hausse-des-prix-des-carburants-la-cfdt-propose-une-taxation-exceptionnelle-de-totalenergies-la-cgt-appelle-a-nationaliser-lentreprise","status":"publish","type":"post","link":"https:\/\/info-des-communes.fr\/?p=521606","title":{"rendered":"Hausse des prix des carburants : la CFDT propose une \u00ab\u00a0taxation exceptionnelle\u00a0\u00bb de TotalEnergies, la CGT appelle \u00e0 \u00ab\u00a0nationaliser\u00a0\u00bb l&rsquo;entreprise"},"content":{"rendered":"<p>TotalEnergies a annonc\u00e9 un b\u00e9n\u00e9fice en hausse de 51% sur un an, \u00e0 5,8 milliards de dollars pour le premier trimestre (4,96 milliards d&rsquo;euros), alors que la guerre au Moyen-Orient a provoqu\u00e9 une hausse des prix des carburants.<\/p>","protected":false},"excerpt":{"rendered":"<p>TotalEnergies a annonc\u00e9 un b\u00e9n\u00e9fice en hausse de 51% sur un an, \u00e0 5,8 milliards de dollars pour le premier trimestre (4,96 milliards d&rsquo;euros), alors que la guerre au Moyen-Orient [&hellip;]<\/p>\n","protected":false},"author":2,"featured_media":521607,"comment_status":"","ping_status":"closed","sticky":false,"template":"","format":"standard","meta":{"footnotes":""},"categories":[106],"tags":[],"class_list":["post-521606","post","type-post","status-publish","format-standard","has-post-thumbnail","hentry","category-actualites"],"_links":{"self":[{"href":"https:\/\/info-des-communes.fr\/index.php?rest_route=\/wp\/v2\/posts\/521606","targetHints":{"allow":["GET"]}}],"collection":[{"href":"https:\/\/info-des-communes.fr\/index.php?rest_route=\/wp\/v2\/posts"}],"about":[{"href":"https:\/\/info-des-communes.fr\/index.php?rest_route=\/wp\/v2\/types\/post"}],"author":[{"embeddable":true,"href":"https:\/\/info-des-communes.fr\/index.php?rest_route=\/wp\/v2\/users\/2"}],"replies":[{"embeddable":true,"href":"https:\/\/info-des-communes.fr\/index.php?rest_route=%2Fwp%2Fv2%2Fcomments&post=521606"}],"version-history":[{"count":0,"href":"https:\/\/info-des-communes.fr\/index.php?rest_route=\/wp\/v2\/posts\/521606\/revisions"}],"wp:featuredmedia":[{"embeddable":true,"href":"https:\/\/info-des-communes.fr\/index.php?rest_route=\/wp\/v2\/media\/521607"}],"wp:attachment":[{"href":"https:\/\/info-des-communes.fr\/index.php?rest_route=%2Fwp%2Fv2%2Fmedia&parent=521606"}],"wp:term":[{"taxonomy":"category","embeddable":true,"href":"https:\/\/info-des-communes.fr\/index.php?rest_route=%2Fwp%2Fv2%2Fcategories&post=521606"},{"taxonomy":"post_tag","embeddable":true,"href":"https:\/\/info-des-communes.fr\/index.php?rest_route=%2Fwp%2Fv2%2Ftags&post=521606"}],"curies":[{"name":"wp","href":"https:\/\/api.w.org\/{rel}","templated":true}]}}