{"id":521602,"date":"2026-05-01T08:02:24","date_gmt":"2026-05-01T06:02:24","guid":{"rendered":"https:\/\/info-des-communes.fr\/?p=521602"},"modified":"2026-05-01T08:02:24","modified_gmt":"2026-05-01T06:02:24","slug":"comment-aurais-je-pu-prendre-une-photo-avec-une-telle-personne-le-president-de-la-federation-palestinienne-de-football-refuse-de-saluer-son-homologue-israelien","status":"publish","type":"post","link":"https:\/\/info-des-communes.fr\/?p=521602","title":{"rendered":"\u00ab\u00a0Comment aurais-je pu prendre une photo avec une telle personne\u00a0?\u00a0\u00bb\u00a0: le pr\u00e9sident de la f\u00e9d\u00e9ration palestinienne de football refuse de saluer son homologue isra\u00e9lien"},"content":{"rendered":"<p>Le patron de la Fifa, Gianni Infantino, a sugg\u00e9r\u00e9 aux deux dirigeants de se rapprocher le temps d&rsquo;une photo, jeudi soir. Mais l&rsquo;initiative a \u00e9chou\u00e9.<\/p>","protected":false},"excerpt":{"rendered":"<p>Le patron de la Fifa, Gianni Infantino, a sugg\u00e9r\u00e9 aux deux dirigeants de se rapprocher le temps d&rsquo;une photo, jeudi soir. Mais l&rsquo;initiative a \u00e9chou\u00e9.<\/p>\n","protected":false},"author":2,"featured_media":521603,"comment_status":"","ping_status":"closed","sticky":false,"template":"","format":"standard","meta":{"footnotes":""},"categories":[106],"tags":[],"class_list":["post-521602","post","type-post","status-publish","format-standard","has-post-thumbnail","hentry","category-actualites"],"_links":{"self":[{"href":"https:\/\/info-des-communes.fr\/index.php?rest_route=\/wp\/v2\/posts\/521602","targetHints":{"allow":["GET"]}}],"collection":[{"href":"https:\/\/info-des-communes.fr\/index.php?rest_route=\/wp\/v2\/posts"}],"about":[{"href":"https:\/\/info-des-communes.fr\/index.php?rest_route=\/wp\/v2\/types\/post"}],"author":[{"embeddable":true,"href":"https:\/\/info-des-communes.fr\/index.php?rest_route=\/wp\/v2\/users\/2"}],"replies":[{"embeddable":true,"href":"https:\/\/info-des-communes.fr\/index.php?rest_route=%2Fwp%2Fv2%2Fcomments&post=521602"}],"version-history":[{"count":0,"href":"https:\/\/info-des-communes.fr\/index.php?rest_route=\/wp\/v2\/posts\/521602\/revisions"}],"wp:featuredmedia":[{"embeddable":true,"href":"https:\/\/info-des-communes.fr\/index.php?rest_route=\/wp\/v2\/media\/521603"}],"wp:attachment":[{"href":"https:\/\/info-des-communes.fr\/index.php?rest_route=%2Fwp%2Fv2%2Fmedia&parent=521602"}],"wp:term":[{"taxonomy":"category","embeddable":true,"href":"https:\/\/info-des-communes.fr\/index.php?rest_route=%2Fwp%2Fv2%2Fcategories&post=521602"},{"taxonomy":"post_tag","embeddable":true,"href":"https:\/\/info-des-communes.fr\/index.php?rest_route=%2Fwp%2Fv2%2Ftags&post=521602"}],"curies":[{"name":"wp","href":"https:\/\/api.w.org\/{rel}","templated":true}]}}