{"id":521585,"date":"2026-04-30T19:53:55","date_gmt":"2026-04-30T17:53:55","guid":{"rendered":"https:\/\/info-des-communes.fr\/?p=521585"},"modified":"2026-04-30T19:53:55","modified_gmt":"2026-04-30T17:53:55","slug":"heures-denseignement-perdues-la-fcpe-alerte-sur-un-probleme-structurant-qui-perturbe-la-vie-des-familles-legalite-des-chances-et-le-droit-a-la-scolarite","status":"publish","type":"post","link":"https:\/\/info-des-communes.fr\/?p=521585","title":{"rendered":"Heures d&rsquo;enseignement perdues\u00a0: la FCPE alerte sur un \u00ab\u00a0probl\u00e8me structurant qui perturbe la vie des familles, l&rsquo;\u00e9galit\u00e9 des chances et le droit \u00e0 la scolarit\u00e9\u00a0\u00bb"},"content":{"rendered":"<p>En 2024-2025, 9,8% des heures d&rsquo;enseignement n&rsquo;ont pas \u00e9t\u00e9 assur\u00e9es dans les coll\u00e8ges et lyc\u00e9es publics, soit 0,7 point de plus que l&rsquo;ann\u00e9e pr\u00e9c\u00e9dente, selon une \u00e9tude du service statistique du minist\u00e8re de l&rsquo;Education nationale publi\u00e9e jeudi.<\/p>","protected":false},"excerpt":{"rendered":"<p>En 2024-2025, 9,8% des heures d&rsquo;enseignement n&rsquo;ont pas \u00e9t\u00e9 assur\u00e9es dans les coll\u00e8ges et lyc\u00e9es publics, soit 0,7 point de plus que l&rsquo;ann\u00e9e pr\u00e9c\u00e9dente, selon une \u00e9tude du service statistique [&hellip;]<\/p>\n","protected":false},"author":2,"featured_media":521586,"comment_status":"","ping_status":"closed","sticky":false,"template":"","format":"standard","meta":{"footnotes":""},"categories":[106],"tags":[],"class_list":["post-521585","post","type-post","status-publish","format-standard","has-post-thumbnail","hentry","category-actualites"],"_links":{"self":[{"href":"https:\/\/info-des-communes.fr\/index.php?rest_route=\/wp\/v2\/posts\/521585","targetHints":{"allow":["GET"]}}],"collection":[{"href":"https:\/\/info-des-communes.fr\/index.php?rest_route=\/wp\/v2\/posts"}],"about":[{"href":"https:\/\/info-des-communes.fr\/index.php?rest_route=\/wp\/v2\/types\/post"}],"author":[{"embeddable":true,"href":"https:\/\/info-des-communes.fr\/index.php?rest_route=\/wp\/v2\/users\/2"}],"replies":[{"embeddable":true,"href":"https:\/\/info-des-communes.fr\/index.php?rest_route=%2Fwp%2Fv2%2Fcomments&post=521585"}],"version-history":[{"count":0,"href":"https:\/\/info-des-communes.fr\/index.php?rest_route=\/wp\/v2\/posts\/521585\/revisions"}],"wp:featuredmedia":[{"embeddable":true,"href":"https:\/\/info-des-communes.fr\/index.php?rest_route=\/wp\/v2\/media\/521586"}],"wp:attachment":[{"href":"https:\/\/info-des-communes.fr\/index.php?rest_route=%2Fwp%2Fv2%2Fmedia&parent=521585"}],"wp:term":[{"taxonomy":"category","embeddable":true,"href":"https:\/\/info-des-communes.fr\/index.php?rest_route=%2Fwp%2Fv2%2Fcategories&post=521585"},{"taxonomy":"post_tag","embeddable":true,"href":"https:\/\/info-des-communes.fr\/index.php?rest_route=%2Fwp%2Fv2%2Ftags&post=521585"}],"curies":[{"name":"wp","href":"https:\/\/api.w.org\/{rel}","templated":true}]}}