{"id":521581,"date":"2026-04-30T18:57:14","date_gmt":"2026-04-30T16:57:14","guid":{"rendered":"https:\/\/info-des-communes.fr\/?p=521581"},"modified":"2026-04-30T18:57:14","modified_gmt":"2026-04-30T16:57:14","slug":"1er-mai-la-direction-generale-du-travail-suggere-de-prendre-en-compte-le-dialogue-social-dans-les-controles-des-boulangers-et-fleuristes","status":"publish","type":"post","link":"https:\/\/info-des-communes.fr\/?p=521581","title":{"rendered":"1er-Mai : la Direction g\u00e9n\u00e9rale du Travail sugg\u00e8re de prendre en compte le \u00ab\u00a0dialogue social\u00a0\u00bb dans les contr\u00f4les des boulangers et fleuristes"},"content":{"rendered":"<p>Les agents sont invit\u00e9s \u00e0 tenir compte ce vendredi de \u00ab\u00a0la volont\u00e9 de s\u00e9curiser l&#8217;emploi des salari\u00e9s\u00a0\u00bb dans les boulangeries et fleuristes, selon une note consult\u00e9e par franceinfo. Le ministre du Travail affirmait pourtant n&rsquo;avoir pass\u00e9 \u00ab\u00a0aucune consigne\u00a0\u00bb aux inspecteurs du travail.<\/p>","protected":false},"excerpt":{"rendered":"<p>Les agents sont invit\u00e9s \u00e0 tenir compte ce vendredi de \u00ab\u00a0la volont\u00e9 de s\u00e9curiser l&#8217;emploi des salari\u00e9s\u00a0\u00bb dans les boulangeries et fleuristes, selon une note consult\u00e9e par franceinfo. Le ministre [&hellip;]<\/p>\n","protected":false},"author":2,"featured_media":521582,"comment_status":"","ping_status":"closed","sticky":false,"template":"","format":"standard","meta":{"footnotes":""},"categories":[106],"tags":[],"class_list":["post-521581","post","type-post","status-publish","format-standard","has-post-thumbnail","hentry","category-actualites"],"_links":{"self":[{"href":"https:\/\/info-des-communes.fr\/index.php?rest_route=\/wp\/v2\/posts\/521581","targetHints":{"allow":["GET"]}}],"collection":[{"href":"https:\/\/info-des-communes.fr\/index.php?rest_route=\/wp\/v2\/posts"}],"about":[{"href":"https:\/\/info-des-communes.fr\/index.php?rest_route=\/wp\/v2\/types\/post"}],"author":[{"embeddable":true,"href":"https:\/\/info-des-communes.fr\/index.php?rest_route=\/wp\/v2\/users\/2"}],"replies":[{"embeddable":true,"href":"https:\/\/info-des-communes.fr\/index.php?rest_route=%2Fwp%2Fv2%2Fcomments&post=521581"}],"version-history":[{"count":0,"href":"https:\/\/info-des-communes.fr\/index.php?rest_route=\/wp\/v2\/posts\/521581\/revisions"}],"wp:featuredmedia":[{"embeddable":true,"href":"https:\/\/info-des-communes.fr\/index.php?rest_route=\/wp\/v2\/media\/521582"}],"wp:attachment":[{"href":"https:\/\/info-des-communes.fr\/index.php?rest_route=%2Fwp%2Fv2%2Fmedia&parent=521581"}],"wp:term":[{"taxonomy":"category","embeddable":true,"href":"https:\/\/info-des-communes.fr\/index.php?rest_route=%2Fwp%2Fv2%2Fcategories&post=521581"},{"taxonomy":"post_tag","embeddable":true,"href":"https:\/\/info-des-communes.fr\/index.php?rest_route=%2Fwp%2Fv2%2Ftags&post=521581"}],"curies":[{"name":"wp","href":"https:\/\/api.w.org\/{rel}","templated":true}]}}