{"id":521573,"date":"2026-04-30T17:21:54","date_gmt":"2026-04-30T15:21:54","guid":{"rendered":"https:\/\/info-des-communes.fr\/?p=521573"},"modified":"2026-04-30T17:21:54","modified_gmt":"2026-04-30T15:21:54","slug":"plus-de-30-garcons-de-2-a-9-ans-127-videos-consignees-ce-que-lon-sait-de-laffaire-dagressions-sexuelles-et-de-viols-par-un-pere-de-famille-dans-le-rhone","status":"publish","type":"post","link":"https:\/\/info-des-communes.fr\/?p=521573","title":{"rendered":"Plus de 30 gar\u00e7ons de 2 \u00e0 9 ans, 127 vid\u00e9os consign\u00e9es&#8230; Ce que l&rsquo;on sait de l&rsquo;affaire d&rsquo;agressions sexuelles et de viols par un p\u00e8re de famille dans le Rh\u00f4ne"},"content":{"rendered":"<p>Les accusations portent sur des faits commis \u00e0 Lucenay, pr\u00e8s de Lyon, entre 2020 et 2024, au domicile du suspect, qui profitait de soir\u00e9es pyjama pour agresser ou violer des camarades de ses enfants. Le mis en cause reconna\u00eet les faits dans leur grande majorit\u00e9.<\/p>","protected":false},"excerpt":{"rendered":"<p>Les accusations portent sur des faits commis \u00e0 Lucenay, pr\u00e8s de Lyon, entre 2020 et 2024, au domicile du suspect, qui profitait de soir\u00e9es pyjama pour agresser ou violer des [&hellip;]<\/p>\n","protected":false},"author":2,"featured_media":521574,"comment_status":"","ping_status":"closed","sticky":false,"template":"","format":"standard","meta":{"footnotes":""},"categories":[106],"tags":[],"class_list":["post-521573","post","type-post","status-publish","format-standard","has-post-thumbnail","hentry","category-actualites"],"_links":{"self":[{"href":"https:\/\/info-des-communes.fr\/index.php?rest_route=\/wp\/v2\/posts\/521573","targetHints":{"allow":["GET"]}}],"collection":[{"href":"https:\/\/info-des-communes.fr\/index.php?rest_route=\/wp\/v2\/posts"}],"about":[{"href":"https:\/\/info-des-communes.fr\/index.php?rest_route=\/wp\/v2\/types\/post"}],"author":[{"embeddable":true,"href":"https:\/\/info-des-communes.fr\/index.php?rest_route=\/wp\/v2\/users\/2"}],"replies":[{"embeddable":true,"href":"https:\/\/info-des-communes.fr\/index.php?rest_route=%2Fwp%2Fv2%2Fcomments&post=521573"}],"version-history":[{"count":0,"href":"https:\/\/info-des-communes.fr\/index.php?rest_route=\/wp\/v2\/posts\/521573\/revisions"}],"wp:featuredmedia":[{"embeddable":true,"href":"https:\/\/info-des-communes.fr\/index.php?rest_route=\/wp\/v2\/media\/521574"}],"wp:attachment":[{"href":"https:\/\/info-des-communes.fr\/index.php?rest_route=%2Fwp%2Fv2%2Fmedia&parent=521573"}],"wp:term":[{"taxonomy":"category","embeddable":true,"href":"https:\/\/info-des-communes.fr\/index.php?rest_route=%2Fwp%2Fv2%2Fcategories&post=521573"},{"taxonomy":"post_tag","embeddable":true,"href":"https:\/\/info-des-communes.fr\/index.php?rest_route=%2Fwp%2Fv2%2Ftags&post=521573"}],"curies":[{"name":"wp","href":"https:\/\/api.w.org\/{rel}","templated":true}]}}