{"id":521569,"date":"2026-04-30T15:16:42","date_gmt":"2026-04-30T13:16:42","guid":{"rendered":"https:\/\/info-des-communes.fr\/?p=521569"},"modified":"2026-04-30T15:16:42","modified_gmt":"2026-04-30T13:16:42","slug":"le-conseil-detat-confirme-la-dissolution-du-mouvement-antifasciste-jeune-garde-mis-en-cause-dans-la-mort-du-militant-identitaire-quentin-deranque","status":"publish","type":"post","link":"https:\/\/info-des-communes.fr\/?p=521569","title":{"rendered":"Le Conseil d&rsquo;Etat confirme la dissolution du mouvement antifasciste Jeune Garde, mis en cause dans la mort du militant identitaire Quentin Deranque"},"content":{"rendered":"<p>L&rsquo;institution a jug\u00e9 que la d\u00e9cision du gouvernement, en juin 2025, \u00e9tait \u00ab\u00a0adapt\u00e9e, n\u00e9cessaire et proportionn\u00e9e \u00e0 la gravit\u00e9 des atteintes port\u00e9es \u00e0 l&rsquo;ordre public\u00a0\u00bb.<\/p>","protected":false},"excerpt":{"rendered":"<p>L&rsquo;institution a jug\u00e9 que la d\u00e9cision du gouvernement, en juin 2025, \u00e9tait \u00ab\u00a0adapt\u00e9e, n\u00e9cessaire et proportionn\u00e9e \u00e0 la gravit\u00e9 des atteintes port\u00e9es \u00e0 l&rsquo;ordre public\u00a0\u00bb.<\/p>\n","protected":false},"author":2,"featured_media":521570,"comment_status":"","ping_status":"closed","sticky":false,"template":"","format":"standard","meta":{"footnotes":""},"categories":[106],"tags":[],"class_list":["post-521569","post","type-post","status-publish","format-standard","has-post-thumbnail","hentry","category-actualites"],"_links":{"self":[{"href":"https:\/\/info-des-communes.fr\/index.php?rest_route=\/wp\/v2\/posts\/521569","targetHints":{"allow":["GET"]}}],"collection":[{"href":"https:\/\/info-des-communes.fr\/index.php?rest_route=\/wp\/v2\/posts"}],"about":[{"href":"https:\/\/info-des-communes.fr\/index.php?rest_route=\/wp\/v2\/types\/post"}],"author":[{"embeddable":true,"href":"https:\/\/info-des-communes.fr\/index.php?rest_route=\/wp\/v2\/users\/2"}],"replies":[{"embeddable":true,"href":"https:\/\/info-des-communes.fr\/index.php?rest_route=%2Fwp%2Fv2%2Fcomments&post=521569"}],"version-history":[{"count":0,"href":"https:\/\/info-des-communes.fr\/index.php?rest_route=\/wp\/v2\/posts\/521569\/revisions"}],"wp:featuredmedia":[{"embeddable":true,"href":"https:\/\/info-des-communes.fr\/index.php?rest_route=\/wp\/v2\/media\/521570"}],"wp:attachment":[{"href":"https:\/\/info-des-communes.fr\/index.php?rest_route=%2Fwp%2Fv2%2Fmedia&parent=521569"}],"wp:term":[{"taxonomy":"category","embeddable":true,"href":"https:\/\/info-des-communes.fr\/index.php?rest_route=%2Fwp%2Fv2%2Fcategories&post=521569"},{"taxonomy":"post_tag","embeddable":true,"href":"https:\/\/info-des-communes.fr\/index.php?rest_route=%2Fwp%2Fv2%2Ftags&post=521569"}],"curies":[{"name":"wp","href":"https:\/\/api.w.org\/{rel}","templated":true}]}}