{"id":521567,"date":"2026-04-30T14:47:24","date_gmt":"2026-04-30T12:47:24","guid":{"rendered":"https:\/\/info-des-communes.fr\/?p=521567"},"modified":"2026-04-30T14:47:24","modified_gmt":"2026-04-30T12:47:24","slug":"viols-sur-une-trentaine-denfants-a-lucenay-ce-qui-est-terrible-cest-quon-na-rien-vu-deplore-la-voix-de-lenfant","status":"publish","type":"post","link":"https:\/\/info-des-communes.fr\/?p=521567","title":{"rendered":"Viols sur une trentaine d&rsquo;enfants \u00e0 Lucenay : \u00ab\u00a0Ce qui est terrible, c\u2019est qu\u2019on n\u2019a rien vu\u00a0\u00bb, d\u00e9plore La Voix de l\u2019Enfant"},"content":{"rendered":"<p>Un p\u00e8re de famille du Rh\u00f4ne, d\u00e9j\u00e0 mis en examen pour viols et agressions sexuelles sur trois enfants en janvier 2025, a \u00e9t\u00e9 mis en examen \u00ab\u00a0suppl\u00e9tivement\u00a0\u00bb le 10 avril 2026 pour 31 nouvelles victimes identifi\u00e9es.<\/p>","protected":false},"excerpt":{"rendered":"<p>Un p\u00e8re de famille du Rh\u00f4ne, d\u00e9j\u00e0 mis en examen pour viols et agressions sexuelles sur trois enfants en janvier 2025, a \u00e9t\u00e9 mis en examen \u00ab\u00a0suppl\u00e9tivement\u00a0\u00bb le 10 avril [&hellip;]<\/p>\n","protected":false},"author":2,"featured_media":521568,"comment_status":"","ping_status":"closed","sticky":false,"template":"","format":"standard","meta":{"footnotes":""},"categories":[106],"tags":[],"class_list":["post-521567","post","type-post","status-publish","format-standard","has-post-thumbnail","hentry","category-actualites"],"_links":{"self":[{"href":"https:\/\/info-des-communes.fr\/index.php?rest_route=\/wp\/v2\/posts\/521567","targetHints":{"allow":["GET"]}}],"collection":[{"href":"https:\/\/info-des-communes.fr\/index.php?rest_route=\/wp\/v2\/posts"}],"about":[{"href":"https:\/\/info-des-communes.fr\/index.php?rest_route=\/wp\/v2\/types\/post"}],"author":[{"embeddable":true,"href":"https:\/\/info-des-communes.fr\/index.php?rest_route=\/wp\/v2\/users\/2"}],"replies":[{"embeddable":true,"href":"https:\/\/info-des-communes.fr\/index.php?rest_route=%2Fwp%2Fv2%2Fcomments&post=521567"}],"version-history":[{"count":0,"href":"https:\/\/info-des-communes.fr\/index.php?rest_route=\/wp\/v2\/posts\/521567\/revisions"}],"wp:featuredmedia":[{"embeddable":true,"href":"https:\/\/info-des-communes.fr\/index.php?rest_route=\/wp\/v2\/media\/521568"}],"wp:attachment":[{"href":"https:\/\/info-des-communes.fr\/index.php?rest_route=%2Fwp%2Fv2%2Fmedia&parent=521567"}],"wp:term":[{"taxonomy":"category","embeddable":true,"href":"https:\/\/info-des-communes.fr\/index.php?rest_route=%2Fwp%2Fv2%2Fcategories&post=521567"},{"taxonomy":"post_tag","embeddable":true,"href":"https:\/\/info-des-communes.fr\/index.php?rest_route=%2Fwp%2Fv2%2Ftags&post=521567"}],"curies":[{"name":"wp","href":"https:\/\/api.w.org\/{rel}","templated":true}]}}