{"id":521563,"date":"2026-04-30T13:26:38","date_gmt":"2026-04-30T11:26:38","guid":{"rendered":"https:\/\/info-des-communes.fr\/?p=521563"},"modified":"2026-04-30T13:26:38","modified_gmt":"2026-04-30T11:26:38","slug":"la-croissance-francaise-est-nulle-au-premier-trimestre-2026","status":"publish","type":"post","link":"https:\/\/info-des-communes.fr\/?p=521563","title":{"rendered":"La croissance fran\u00e7aise est nulle au premier trimestre 2026"},"content":{"rendered":"<p>Ce r\u00e9sultat s&rsquo;explique par une demande int\u00e9rieure \u00ab\u00a0atone\u00a0\u00bb et une contribution du commerce ext\u00e9rieur \u00ab\u00a0fortement n\u00e9gative\u00a0\u00bb, selon l&rsquo;Insee.<\/p>","protected":false},"excerpt":{"rendered":"<p>Ce r\u00e9sultat s&rsquo;explique par une demande int\u00e9rieure \u00ab\u00a0atone\u00a0\u00bb et une contribution du commerce ext\u00e9rieur \u00ab\u00a0fortement n\u00e9gative\u00a0\u00bb, selon l&rsquo;Insee.<\/p>\n","protected":false},"author":2,"featured_media":521564,"comment_status":"","ping_status":"closed","sticky":false,"template":"","format":"standard","meta":{"footnotes":""},"categories":[106],"tags":[],"class_list":["post-521563","post","type-post","status-publish","format-standard","has-post-thumbnail","hentry","category-actualites"],"_links":{"self":[{"href":"https:\/\/info-des-communes.fr\/index.php?rest_route=\/wp\/v2\/posts\/521563","targetHints":{"allow":["GET"]}}],"collection":[{"href":"https:\/\/info-des-communes.fr\/index.php?rest_route=\/wp\/v2\/posts"}],"about":[{"href":"https:\/\/info-des-communes.fr\/index.php?rest_route=\/wp\/v2\/types\/post"}],"author":[{"embeddable":true,"href":"https:\/\/info-des-communes.fr\/index.php?rest_route=\/wp\/v2\/users\/2"}],"replies":[{"embeddable":true,"href":"https:\/\/info-des-communes.fr\/index.php?rest_route=%2Fwp%2Fv2%2Fcomments&post=521563"}],"version-history":[{"count":0,"href":"https:\/\/info-des-communes.fr\/index.php?rest_route=\/wp\/v2\/posts\/521563\/revisions"}],"wp:featuredmedia":[{"embeddable":true,"href":"https:\/\/info-des-communes.fr\/index.php?rest_route=\/wp\/v2\/media\/521564"}],"wp:attachment":[{"href":"https:\/\/info-des-communes.fr\/index.php?rest_route=%2Fwp%2Fv2%2Fmedia&parent=521563"}],"wp:term":[{"taxonomy":"category","embeddable":true,"href":"https:\/\/info-des-communes.fr\/index.php?rest_route=%2Fwp%2Fv2%2Fcategories&post=521563"},{"taxonomy":"post_tag","embeddable":true,"href":"https:\/\/info-des-communes.fr\/index.php?rest_route=%2Fwp%2Fv2%2Ftags&post=521563"}],"curies":[{"name":"wp","href":"https:\/\/api.w.org\/{rel}","templated":true}]}}