{"id":521506,"date":"2026-04-29T12:54:58","date_gmt":"2026-04-29T10:54:58","guid":{"rendered":"https:\/\/info-des-communes.fr\/?p=521506"},"modified":"2026-04-29T12:54:58","modified_gmt":"2026-04-29T10:54:58","slug":"guerre-au-moyen-orient-deux-morts-au-liban-dont-un-soldat-dans-une-nouvelle-frappe-israelienne","status":"publish","type":"post","link":"https:\/\/info-des-communes.fr\/?p=521506","title":{"rendered":"Guerre au Moyen-Orient\u00a0: deux morts au Liban, dont un soldat, dans une nouvelle frappe isra\u00e9lienne"},"content":{"rendered":"<p>\u00ab\u00a0Un soldat et son fr\u00e8re ont \u00e9t\u00e9 tu\u00e9s dans une frappe isra\u00e9lienne qui les a vis\u00e9s\u00a0\u00bb dans une localit\u00e9 du secteur de Bint Jbeil, selon l&rsquo;arm\u00e9e libanaise.<\/p>","protected":false},"excerpt":{"rendered":"<p>\u00ab\u00a0Un soldat et son fr\u00e8re ont \u00e9t\u00e9 tu\u00e9s dans une frappe isra\u00e9lienne qui les a vis\u00e9s\u00a0\u00bb dans une localit\u00e9 du secteur de Bint Jbeil, selon l&rsquo;arm\u00e9e libanaise.<\/p>\n","protected":false},"author":2,"featured_media":521507,"comment_status":"","ping_status":"closed","sticky":false,"template":"","format":"standard","meta":{"footnotes":""},"categories":[106],"tags":[],"class_list":["post-521506","post","type-post","status-publish","format-standard","has-post-thumbnail","hentry","category-actualites"],"_links":{"self":[{"href":"https:\/\/info-des-communes.fr\/index.php?rest_route=\/wp\/v2\/posts\/521506","targetHints":{"allow":["GET"]}}],"collection":[{"href":"https:\/\/info-des-communes.fr\/index.php?rest_route=\/wp\/v2\/posts"}],"about":[{"href":"https:\/\/info-des-communes.fr\/index.php?rest_route=\/wp\/v2\/types\/post"}],"author":[{"embeddable":true,"href":"https:\/\/info-des-communes.fr\/index.php?rest_route=\/wp\/v2\/users\/2"}],"replies":[{"embeddable":true,"href":"https:\/\/info-des-communes.fr\/index.php?rest_route=%2Fwp%2Fv2%2Fcomments&post=521506"}],"version-history":[{"count":0,"href":"https:\/\/info-des-communes.fr\/index.php?rest_route=\/wp\/v2\/posts\/521506\/revisions"}],"wp:featuredmedia":[{"embeddable":true,"href":"https:\/\/info-des-communes.fr\/index.php?rest_route=\/wp\/v2\/media\/521507"}],"wp:attachment":[{"href":"https:\/\/info-des-communes.fr\/index.php?rest_route=%2Fwp%2Fv2%2Fmedia&parent=521506"}],"wp:term":[{"taxonomy":"category","embeddable":true,"href":"https:\/\/info-des-communes.fr\/index.php?rest_route=%2Fwp%2Fv2%2Fcategories&post=521506"},{"taxonomy":"post_tag","embeddable":true,"href":"https:\/\/info-des-communes.fr\/index.php?rest_route=%2Fwp%2Fv2%2Ftags&post=521506"}],"curies":[{"name":"wp","href":"https:\/\/api.w.org\/{rel}","templated":true}]}}