{"id":521500,"date":"2026-04-29T13:18:31","date_gmt":"2026-04-29T11:18:31","guid":{"rendered":"https:\/\/info-des-communes.fr\/?p=521500"},"modified":"2026-04-29T13:18:31","modified_gmt":"2026-04-29T11:18:31","slug":"prix-des-carburants-emmanuel-macron-appelle-a-reflechir-a-de-nouvelles-reponses-dans-un-contexte-hautement-incertain","status":"publish","type":"post","link":"https:\/\/info-des-communes.fr\/?p=521500","title":{"rendered":"Prix des carburants : Emmanuel Macron appelle \u00e0 r\u00e9fl\u00e9chir \u00e0 de \u00ab\u00a0nouvelles r\u00e9ponses\u00a0\u00bb, dans un contexte \u00ab\u00a0hautement incertain\u00a0\u00bb"},"content":{"rendered":"<p>La porte-parole du gouvernement, Maud Bregeon, a cit\u00e9 le chef de l&rsquo;Etat \u00e0 l&rsquo;issue du Conseil des ministres, mercredi.<\/p>","protected":false},"excerpt":{"rendered":"<p>La porte-parole du gouvernement, Maud Bregeon, a cit\u00e9 le chef de l&rsquo;Etat \u00e0 l&rsquo;issue du Conseil des ministres, mercredi.<\/p>\n","protected":false},"author":2,"featured_media":521501,"comment_status":"","ping_status":"closed","sticky":false,"template":"","format":"standard","meta":{"footnotes":""},"categories":[106],"tags":[],"class_list":["post-521500","post","type-post","status-publish","format-standard","has-post-thumbnail","hentry","category-actualites"],"_links":{"self":[{"href":"https:\/\/info-des-communes.fr\/index.php?rest_route=\/wp\/v2\/posts\/521500","targetHints":{"allow":["GET"]}}],"collection":[{"href":"https:\/\/info-des-communes.fr\/index.php?rest_route=\/wp\/v2\/posts"}],"about":[{"href":"https:\/\/info-des-communes.fr\/index.php?rest_route=\/wp\/v2\/types\/post"}],"author":[{"embeddable":true,"href":"https:\/\/info-des-communes.fr\/index.php?rest_route=\/wp\/v2\/users\/2"}],"replies":[{"embeddable":true,"href":"https:\/\/info-des-communes.fr\/index.php?rest_route=%2Fwp%2Fv2%2Fcomments&post=521500"}],"version-history":[{"count":0,"href":"https:\/\/info-des-communes.fr\/index.php?rest_route=\/wp\/v2\/posts\/521500\/revisions"}],"wp:featuredmedia":[{"embeddable":true,"href":"https:\/\/info-des-communes.fr\/index.php?rest_route=\/wp\/v2\/media\/521501"}],"wp:attachment":[{"href":"https:\/\/info-des-communes.fr\/index.php?rest_route=%2Fwp%2Fv2%2Fmedia&parent=521500"}],"wp:term":[{"taxonomy":"category","embeddable":true,"href":"https:\/\/info-des-communes.fr\/index.php?rest_route=%2Fwp%2Fv2%2Fcategories&post=521500"},{"taxonomy":"post_tag","embeddable":true,"href":"https:\/\/info-des-communes.fr\/index.php?rest_route=%2Fwp%2Fv2%2Ftags&post=521500"}],"curies":[{"name":"wp","href":"https:\/\/api.w.org\/{rel}","templated":true}]}}