{"id":521496,"date":"2026-04-29T10:42:11","date_gmt":"2026-04-29T08:42:11","guid":{"rendered":"https:\/\/info-des-communes.fr\/?p=521496"},"modified":"2026-04-29T10:42:11","modified_gmt":"2026-04-29T08:42:11","slug":"la-france-recommande-a-ses-ressortissants-de-quitter-temporairement-le-mali-des-que-possible","status":"publish","type":"post","link":"https:\/\/info-des-communes.fr\/?p=521496","title":{"rendered":"La France recommande \u00e0 ses ressortissants de quitter temporairement le Mali \u00ab\u00a0d\u00e8s que possible\u00a0\u00bb"},"content":{"rendered":"<p>\u00ab\u00a0Apr\u00e8s les attaques du samedi 25 avril dans plusieurs localit\u00e9s du pays, dont Bamako, la situation s\u00e9curitaire demeure extr\u00eamement volatile\u00a0\u00bb, \u00e9crit le minist\u00e8re des Affaires \u00e9trang\u00e8res dans une note mise \u00e0 jour mercredi.<\/p>","protected":false},"excerpt":{"rendered":"<p>\u00ab\u00a0Apr\u00e8s les attaques du samedi 25 avril dans plusieurs localit\u00e9s du pays, dont Bamako, la situation s\u00e9curitaire demeure extr\u00eamement volatile\u00a0\u00bb, \u00e9crit le minist\u00e8re des Affaires \u00e9trang\u00e8res dans une note mise [&hellip;]<\/p>\n","protected":false},"author":2,"featured_media":521497,"comment_status":"","ping_status":"closed","sticky":false,"template":"","format":"standard","meta":{"footnotes":""},"categories":[106],"tags":[],"class_list":["post-521496","post","type-post","status-publish","format-standard","has-post-thumbnail","hentry","category-actualites"],"_links":{"self":[{"href":"https:\/\/info-des-communes.fr\/index.php?rest_route=\/wp\/v2\/posts\/521496","targetHints":{"allow":["GET"]}}],"collection":[{"href":"https:\/\/info-des-communes.fr\/index.php?rest_route=\/wp\/v2\/posts"}],"about":[{"href":"https:\/\/info-des-communes.fr\/index.php?rest_route=\/wp\/v2\/types\/post"}],"author":[{"embeddable":true,"href":"https:\/\/info-des-communes.fr\/index.php?rest_route=\/wp\/v2\/users\/2"}],"replies":[{"embeddable":true,"href":"https:\/\/info-des-communes.fr\/index.php?rest_route=%2Fwp%2Fv2%2Fcomments&post=521496"}],"version-history":[{"count":0,"href":"https:\/\/info-des-communes.fr\/index.php?rest_route=\/wp\/v2\/posts\/521496\/revisions"}],"wp:featuredmedia":[{"embeddable":true,"href":"https:\/\/info-des-communes.fr\/index.php?rest_route=\/wp\/v2\/media\/521497"}],"wp:attachment":[{"href":"https:\/\/info-des-communes.fr\/index.php?rest_route=%2Fwp%2Fv2%2Fmedia&parent=521496"}],"wp:term":[{"taxonomy":"category","embeddable":true,"href":"https:\/\/info-des-communes.fr\/index.php?rest_route=%2Fwp%2Fv2%2Fcategories&post=521496"},{"taxonomy":"post_tag","embeddable":true,"href":"https:\/\/info-des-communes.fr\/index.php?rest_route=%2Fwp%2Fv2%2Ftags&post=521496"}],"curies":[{"name":"wp","href":"https:\/\/api.w.org\/{rel}","templated":true}]}}