{"id":521492,"date":"2026-04-29T07:48:57","date_gmt":"2026-04-29T05:48:57","guid":{"rendered":"https:\/\/info-des-communes.fr\/?p=521492"},"modified":"2026-04-29T07:48:57","modified_gmt":"2026-04-29T05:48:57","slug":"ce-nest-pas-la-quantite-mais-la-qualite-des-relations-qui-compte-comment-continuer-a-entretenir-le-lien-avec-nos-aines-de-plus-en-plus-nombreux","status":"publish","type":"post","link":"https:\/\/info-des-communes.fr\/?p=521492","title":{"rendered":"\u00ab\u00a0Ce n&rsquo;est pas la quantit\u00e9, mais la qualit\u00e9 des relations qui compte\u00a0\u00bb : comment continuer \u00e0 entretenir le lien avec nos a\u00een\u00e9s de plus en plus nombreux"},"content":{"rendered":"<p>La journ\u00e9e europ\u00e9enne de solidarit\u00e9 interg\u00e9n\u00e9rationnelle se tient ce mercredi. L&rsquo;objectif est de favoriser les relations entre les personnes \u00e2g\u00e9es et les plus jeunes. En France, cela pourrait tenir du d\u00e9fi compte tenu du vieillissement de la population.<\/p>","protected":false},"excerpt":{"rendered":"<p>La journ\u00e9e europ\u00e9enne de solidarit\u00e9 interg\u00e9n\u00e9rationnelle se tient ce mercredi. L&rsquo;objectif est de favoriser les relations entre les personnes \u00e2g\u00e9es et les plus jeunes. En France, cela pourrait tenir du [&hellip;]<\/p>\n","protected":false},"author":2,"featured_media":521493,"comment_status":"","ping_status":"closed","sticky":false,"template":"","format":"standard","meta":{"footnotes":""},"categories":[106],"tags":[],"class_list":["post-521492","post","type-post","status-publish","format-standard","has-post-thumbnail","hentry","category-actualites"],"_links":{"self":[{"href":"https:\/\/info-des-communes.fr\/index.php?rest_route=\/wp\/v2\/posts\/521492","targetHints":{"allow":["GET"]}}],"collection":[{"href":"https:\/\/info-des-communes.fr\/index.php?rest_route=\/wp\/v2\/posts"}],"about":[{"href":"https:\/\/info-des-communes.fr\/index.php?rest_route=\/wp\/v2\/types\/post"}],"author":[{"embeddable":true,"href":"https:\/\/info-des-communes.fr\/index.php?rest_route=\/wp\/v2\/users\/2"}],"replies":[{"embeddable":true,"href":"https:\/\/info-des-communes.fr\/index.php?rest_route=%2Fwp%2Fv2%2Fcomments&post=521492"}],"version-history":[{"count":0,"href":"https:\/\/info-des-communes.fr\/index.php?rest_route=\/wp\/v2\/posts\/521492\/revisions"}],"wp:featuredmedia":[{"embeddable":true,"href":"https:\/\/info-des-communes.fr\/index.php?rest_route=\/wp\/v2\/media\/521493"}],"wp:attachment":[{"href":"https:\/\/info-des-communes.fr\/index.php?rest_route=%2Fwp%2Fv2%2Fmedia&parent=521492"}],"wp:term":[{"taxonomy":"category","embeddable":true,"href":"https:\/\/info-des-communes.fr\/index.php?rest_route=%2Fwp%2Fv2%2Fcategories&post=521492"},{"taxonomy":"post_tag","embeddable":true,"href":"https:\/\/info-des-communes.fr\/index.php?rest_route=%2Fwp%2Fv2%2Ftags&post=521492"}],"curies":[{"name":"wp","href":"https:\/\/api.w.org\/{rel}","templated":true}]}}