{"id":521482,"date":"2026-04-29T06:00:01","date_gmt":"2026-04-29T04:00:01","guid":{"rendered":"https:\/\/info-des-communes.fr\/?p=521482"},"modified":"2026-04-29T06:00:01","modified_gmt":"2026-04-29T04:00:01","slug":"le-diable-shabille-en-prada-2-vingt-ans-apres-tout-a-change-sauf-miranda","status":"publish","type":"post","link":"https:\/\/info-des-communes.fr\/?p=521482","title":{"rendered":"\u00ab\u00a0Le Diable s&rsquo;habille en Prada 2\u00a0\u00bb : vingt ans apr\u00e8s, tout a chang\u00e9, sauf Miranda"},"content":{"rendered":"<p>En faisant le choix d&rsquo;un casting et d&rsquo;une \u00e9quipe de production semblable au premier volet paru en 2006, cette suite entend lui faire honneur.<\/p>","protected":false},"excerpt":{"rendered":"<p>En faisant le choix d&rsquo;un casting et d&rsquo;une \u00e9quipe de production semblable au premier volet paru en 2006, cette suite entend lui faire honneur.<\/p>\n","protected":false},"author":2,"featured_media":521483,"comment_status":"","ping_status":"closed","sticky":false,"template":"","format":"standard","meta":{"footnotes":""},"categories":[106],"tags":[],"class_list":["post-521482","post","type-post","status-publish","format-standard","has-post-thumbnail","hentry","category-actualites"],"_links":{"self":[{"href":"https:\/\/info-des-communes.fr\/index.php?rest_route=\/wp\/v2\/posts\/521482","targetHints":{"allow":["GET"]}}],"collection":[{"href":"https:\/\/info-des-communes.fr\/index.php?rest_route=\/wp\/v2\/posts"}],"about":[{"href":"https:\/\/info-des-communes.fr\/index.php?rest_route=\/wp\/v2\/types\/post"}],"author":[{"embeddable":true,"href":"https:\/\/info-des-communes.fr\/index.php?rest_route=\/wp\/v2\/users\/2"}],"replies":[{"embeddable":true,"href":"https:\/\/info-des-communes.fr\/index.php?rest_route=%2Fwp%2Fv2%2Fcomments&post=521482"}],"version-history":[{"count":0,"href":"https:\/\/info-des-communes.fr\/index.php?rest_route=\/wp\/v2\/posts\/521482\/revisions"}],"wp:featuredmedia":[{"embeddable":true,"href":"https:\/\/info-des-communes.fr\/index.php?rest_route=\/wp\/v2\/media\/521483"}],"wp:attachment":[{"href":"https:\/\/info-des-communes.fr\/index.php?rest_route=%2Fwp%2Fv2%2Fmedia&parent=521482"}],"wp:term":[{"taxonomy":"category","embeddable":true,"href":"https:\/\/info-des-communes.fr\/index.php?rest_route=%2Fwp%2Fv2%2Fcategories&post=521482"},{"taxonomy":"post_tag","embeddable":true,"href":"https:\/\/info-des-communes.fr\/index.php?rest_route=%2Fwp%2Fv2%2Ftags&post=521482"}],"curies":[{"name":"wp","href":"https:\/\/api.w.org\/{rel}","templated":true}]}}