{"id":521480,"date":"2026-04-29T06:00:03","date_gmt":"2026-04-29T04:00:03","guid":{"rendered":"https:\/\/info-des-communes.fr\/?p=521480"},"modified":"2026-04-29T06:00:03","modified_gmt":"2026-04-29T04:00:03","slug":"climat-leurope-se-rechauffe-deux-fois-plus-vite-que-la-moyenne-mondiale-alerte-linstitut-copernicus","status":"publish","type":"post","link":"https:\/\/info-des-communes.fr\/?p=521480","title":{"rendered":"Climat : l&rsquo;Europe se r\u00e9chauffe deux fois plus vite que la moyenne mondiale, alerte l&rsquo;Institut Copernicus"},"content":{"rendered":"<p>Des temp\u00e9ratures extr\u00eames et des incendies record : les impacts du r\u00e9chauffement climatique ont continu\u00e9 de s&rsquo;aggraver en 2025 sur le Vieux Continent, rel\u00e8ve un rapport de l&rsquo;Institut Copernicus d\u00e9voil\u00e9 mercredi. La France a connu sa quatri\u00e8me ann\u00e9e la plus chaude depuis le d\u00e9but des mesures.<\/p>","protected":false},"excerpt":{"rendered":"<p>Des temp\u00e9ratures extr\u00eames et des incendies record : les impacts du r\u00e9chauffement climatique ont continu\u00e9 de s&rsquo;aggraver en 2025 sur le Vieux Continent, rel\u00e8ve un rapport de l&rsquo;Institut Copernicus d\u00e9voil\u00e9 [&hellip;]<\/p>\n","protected":false},"author":2,"featured_media":521481,"comment_status":"","ping_status":"closed","sticky":false,"template":"","format":"standard","meta":{"footnotes":""},"categories":[106],"tags":[],"class_list":["post-521480","post","type-post","status-publish","format-standard","has-post-thumbnail","hentry","category-actualites"],"_links":{"self":[{"href":"https:\/\/info-des-communes.fr\/index.php?rest_route=\/wp\/v2\/posts\/521480","targetHints":{"allow":["GET"]}}],"collection":[{"href":"https:\/\/info-des-communes.fr\/index.php?rest_route=\/wp\/v2\/posts"}],"about":[{"href":"https:\/\/info-des-communes.fr\/index.php?rest_route=\/wp\/v2\/types\/post"}],"author":[{"embeddable":true,"href":"https:\/\/info-des-communes.fr\/index.php?rest_route=\/wp\/v2\/users\/2"}],"replies":[{"embeddable":true,"href":"https:\/\/info-des-communes.fr\/index.php?rest_route=%2Fwp%2Fv2%2Fcomments&post=521480"}],"version-history":[{"count":0,"href":"https:\/\/info-des-communes.fr\/index.php?rest_route=\/wp\/v2\/posts\/521480\/revisions"}],"wp:featuredmedia":[{"embeddable":true,"href":"https:\/\/info-des-communes.fr\/index.php?rest_route=\/wp\/v2\/media\/521481"}],"wp:attachment":[{"href":"https:\/\/info-des-communes.fr\/index.php?rest_route=%2Fwp%2Fv2%2Fmedia&parent=521480"}],"wp:term":[{"taxonomy":"category","embeddable":true,"href":"https:\/\/info-des-communes.fr\/index.php?rest_route=%2Fwp%2Fv2%2Fcategories&post=521480"},{"taxonomy":"post_tag","embeddable":true,"href":"https:\/\/info-des-communes.fr\/index.php?rest_route=%2Fwp%2Fv2%2Ftags&post=521480"}],"curies":[{"name":"wp","href":"https:\/\/api.w.org\/{rel}","templated":true}]}}