{"id":521472,"date":"2026-04-28T23:22:52","date_gmt":"2026-04-28T21:22:52","guid":{"rendered":"https:\/\/info-des-communes.fr\/?p=521472"},"modified":"2026-04-28T23:22:52","modified_gmt":"2026-04-28T21:22:52","slug":"attaques-au-mali-le-chef-de-la-junte-assimi-goita-reconnait-une-situation-dextreme-gravite","status":"publish","type":"post","link":"https:\/\/info-des-communes.fr\/?p=521472","title":{"rendered":"Attaques au Mali\u00a0: le chef de la junte Assimi Go\u00efta reconna\u00eet une situation \u00ab\u00a0d&rsquo;extr\u00eame gravit\u00e9\u00a0\u00bb"},"content":{"rendered":"<p>Il a pris la parole pour la premi\u00e8re fois depuis le d\u00e9but des attaques lanc\u00e9es conjointement par les rebelles touareg et les jihadistes du Jnim.<\/p>","protected":false},"excerpt":{"rendered":"<p>Il a pris la parole pour la premi\u00e8re fois depuis le d\u00e9but des attaques lanc\u00e9es conjointement par les rebelles touareg et les jihadistes du Jnim.<\/p>\n","protected":false},"author":2,"featured_media":521473,"comment_status":"","ping_status":"closed","sticky":false,"template":"","format":"standard","meta":{"footnotes":""},"categories":[106],"tags":[],"class_list":["post-521472","post","type-post","status-publish","format-standard","has-post-thumbnail","hentry","category-actualites"],"_links":{"self":[{"href":"https:\/\/info-des-communes.fr\/index.php?rest_route=\/wp\/v2\/posts\/521472","targetHints":{"allow":["GET"]}}],"collection":[{"href":"https:\/\/info-des-communes.fr\/index.php?rest_route=\/wp\/v2\/posts"}],"about":[{"href":"https:\/\/info-des-communes.fr\/index.php?rest_route=\/wp\/v2\/types\/post"}],"author":[{"embeddable":true,"href":"https:\/\/info-des-communes.fr\/index.php?rest_route=\/wp\/v2\/users\/2"}],"replies":[{"embeddable":true,"href":"https:\/\/info-des-communes.fr\/index.php?rest_route=%2Fwp%2Fv2%2Fcomments&post=521472"}],"version-history":[{"count":0,"href":"https:\/\/info-des-communes.fr\/index.php?rest_route=\/wp\/v2\/posts\/521472\/revisions"}],"wp:featuredmedia":[{"embeddable":true,"href":"https:\/\/info-des-communes.fr\/index.php?rest_route=\/wp\/v2\/media\/521473"}],"wp:attachment":[{"href":"https:\/\/info-des-communes.fr\/index.php?rest_route=%2Fwp%2Fv2%2Fmedia&parent=521472"}],"wp:term":[{"taxonomy":"category","embeddable":true,"href":"https:\/\/info-des-communes.fr\/index.php?rest_route=%2Fwp%2Fv2%2Fcategories&post=521472"},{"taxonomy":"post_tag","embeddable":true,"href":"https:\/\/info-des-communes.fr\/index.php?rest_route=%2Fwp%2Fv2%2Ftags&post=521472"}],"curies":[{"name":"wp","href":"https:\/\/api.w.org\/{rel}","templated":true}]}}