{"id":521470,"date":"2026-04-28T22:27:04","date_gmt":"2026-04-28T20:27:04","guid":{"rendered":"https:\/\/info-des-communes.fr\/?p=521470"},"modified":"2026-04-28T22:27:04","modified_gmt":"2026-04-28T20:27:04","slug":"devant-le-congres-americain-charles-iii-appelle-les-etats-unis-a-rester-fideles-a-leurs-allies-occidentaux","status":"publish","type":"post","link":"https:\/\/info-des-communes.fr\/?p=521470","title":{"rendered":"Devant le Congr\u00e8s am\u00e9ricain, Charles III appelle les Etats-Unis \u00e0 rester fid\u00e8les \u00e0 leurs alli\u00e9s occidentaux"},"content":{"rendered":"<p>Il est le deuxi\u00e8me souverain britannique \u00e0 s&rsquo;exprimer sur la colline du Capitole, \u00e0 Washington, apr\u00e8s un discours d&rsquo;Elizabeth II en 1991.<\/p>","protected":false},"excerpt":{"rendered":"<p>Il est le deuxi\u00e8me souverain britannique \u00e0 s&rsquo;exprimer sur la colline du Capitole, \u00e0 Washington, apr\u00e8s un discours d&rsquo;Elizabeth II en 1991.<\/p>\n","protected":false},"author":2,"featured_media":521471,"comment_status":"","ping_status":"closed","sticky":false,"template":"","format":"standard","meta":{"footnotes":""},"categories":[106],"tags":[],"class_list":["post-521470","post","type-post","status-publish","format-standard","has-post-thumbnail","hentry","category-actualites"],"_links":{"self":[{"href":"https:\/\/info-des-communes.fr\/index.php?rest_route=\/wp\/v2\/posts\/521470","targetHints":{"allow":["GET"]}}],"collection":[{"href":"https:\/\/info-des-communes.fr\/index.php?rest_route=\/wp\/v2\/posts"}],"about":[{"href":"https:\/\/info-des-communes.fr\/index.php?rest_route=\/wp\/v2\/types\/post"}],"author":[{"embeddable":true,"href":"https:\/\/info-des-communes.fr\/index.php?rest_route=\/wp\/v2\/users\/2"}],"replies":[{"embeddable":true,"href":"https:\/\/info-des-communes.fr\/index.php?rest_route=%2Fwp%2Fv2%2Fcomments&post=521470"}],"version-history":[{"count":0,"href":"https:\/\/info-des-communes.fr\/index.php?rest_route=\/wp\/v2\/posts\/521470\/revisions"}],"wp:featuredmedia":[{"embeddable":true,"href":"https:\/\/info-des-communes.fr\/index.php?rest_route=\/wp\/v2\/media\/521471"}],"wp:attachment":[{"href":"https:\/\/info-des-communes.fr\/index.php?rest_route=%2Fwp%2Fv2%2Fmedia&parent=521470"}],"wp:term":[{"taxonomy":"category","embeddable":true,"href":"https:\/\/info-des-communes.fr\/index.php?rest_route=%2Fwp%2Fv2%2Fcategories&post=521470"},{"taxonomy":"post_tag","embeddable":true,"href":"https:\/\/info-des-communes.fr\/index.php?rest_route=%2Fwp%2Fv2%2Ftags&post=521470"}],"curies":[{"name":"wp","href":"https:\/\/api.w.org\/{rel}","templated":true}]}}