{"id":521465,"date":"2026-04-28T20:46:59","date_gmt":"2026-04-28T18:46:59","guid":{"rendered":"https:\/\/info-des-communes.fr\/?p=521465"},"modified":"2026-04-28T20:46:59","modified_gmt":"2026-04-28T18:46:59","slug":"la-loi-yadan-bientot-de-retour-sous-une-autre-forme-elargie-a-toutes-les-discriminations-racistes","status":"publish","type":"post","link":"https:\/\/info-des-communes.fr\/?p=521465","title":{"rendered":"La loi Yadan bient\u00f4t de retour sous une autre forme, \u00e9largie \u00e0 toutes les discriminations racistes"},"content":{"rendered":"<p>La ministre d\u00e9l\u00e9gu\u00e9e Aurore Berg\u00e9 a demand\u00e9 aux responsables de groupes parlementaires de lui formuler des propositions avant le 7 mai.<\/p>","protected":false},"excerpt":{"rendered":"<p>La ministre d\u00e9l\u00e9gu\u00e9e Aurore Berg\u00e9 a demand\u00e9 aux responsables de groupes parlementaires de lui formuler des propositions avant le 7 mai.<\/p>\n","protected":false},"author":2,"featured_media":521466,"comment_status":"","ping_status":"closed","sticky":false,"template":"","format":"standard","meta":{"footnotes":""},"categories":[106],"tags":[],"class_list":["post-521465","post","type-post","status-publish","format-standard","has-post-thumbnail","hentry","category-actualites"],"_links":{"self":[{"href":"https:\/\/info-des-communes.fr\/index.php?rest_route=\/wp\/v2\/posts\/521465","targetHints":{"allow":["GET"]}}],"collection":[{"href":"https:\/\/info-des-communes.fr\/index.php?rest_route=\/wp\/v2\/posts"}],"about":[{"href":"https:\/\/info-des-communes.fr\/index.php?rest_route=\/wp\/v2\/types\/post"}],"author":[{"embeddable":true,"href":"https:\/\/info-des-communes.fr\/index.php?rest_route=\/wp\/v2\/users\/2"}],"replies":[{"embeddable":true,"href":"https:\/\/info-des-communes.fr\/index.php?rest_route=%2Fwp%2Fv2%2Fcomments&post=521465"}],"version-history":[{"count":0,"href":"https:\/\/info-des-communes.fr\/index.php?rest_route=\/wp\/v2\/posts\/521465\/revisions"}],"wp:featuredmedia":[{"embeddable":true,"href":"https:\/\/info-des-communes.fr\/index.php?rest_route=\/wp\/v2\/media\/521466"}],"wp:attachment":[{"href":"https:\/\/info-des-communes.fr\/index.php?rest_route=%2Fwp%2Fv2%2Fmedia&parent=521465"}],"wp:term":[{"taxonomy":"category","embeddable":true,"href":"https:\/\/info-des-communes.fr\/index.php?rest_route=%2Fwp%2Fv2%2Fcategories&post=521465"},{"taxonomy":"post_tag","embeddable":true,"href":"https:\/\/info-des-communes.fr\/index.php?rest_route=%2Fwp%2Fv2%2Ftags&post=521465"}],"curies":[{"name":"wp","href":"https:\/\/api.w.org\/{rel}","templated":true}]}}