{"id":521439,"date":"2026-04-28T11:08:19","date_gmt":"2026-04-28T09:08:19","guid":{"rendered":"https:\/\/info-des-communes.fr\/?p=521439"},"modified":"2026-04-28T11:08:19","modified_gmt":"2026-04-28T09:08:19","slug":"soldats-morts-au-liban-regardez-la-ceremonie-en-hommage-au-sergent-anicet-girardin","status":"publish","type":"post","link":"https:\/\/info-des-communes.fr\/?p=521439","title":{"rendered":"Soldats morts au Liban : regardez la c\u00e9r\u00e9monie en hommage au sergent Anicet Girardin"},"content":{"rendered":"<p>Le militaire est mort des suites de ses blessures, le 22\u00a0avril, quatre jours apr\u00e8s une attaque qui a \u00e9galement co\u00fbt\u00e9 la vie \u00e0 l&rsquo;adjudant Florian Montorio. La c\u00e9r\u00e9monie doit d\u00e9buter \u00e0 11\u00a0heures au sein du 132e r\u00e9giment d&rsquo;infanterie cynotechnique de Suippes, dans la Marne.<\/p>","protected":false},"excerpt":{"rendered":"<p>Le militaire est mort des suites de ses blessures, le 22\u00a0avril, quatre jours apr\u00e8s une attaque qui a \u00e9galement co\u00fbt\u00e9 la vie \u00e0 l&rsquo;adjudant Florian Montorio. La c\u00e9r\u00e9monie doit d\u00e9buter [&hellip;]<\/p>\n","protected":false},"author":2,"featured_media":521440,"comment_status":"","ping_status":"closed","sticky":false,"template":"","format":"standard","meta":{"footnotes":""},"categories":[106],"tags":[],"class_list":["post-521439","post","type-post","status-publish","format-standard","has-post-thumbnail","hentry","category-actualites"],"_links":{"self":[{"href":"https:\/\/info-des-communes.fr\/index.php?rest_route=\/wp\/v2\/posts\/521439","targetHints":{"allow":["GET"]}}],"collection":[{"href":"https:\/\/info-des-communes.fr\/index.php?rest_route=\/wp\/v2\/posts"}],"about":[{"href":"https:\/\/info-des-communes.fr\/index.php?rest_route=\/wp\/v2\/types\/post"}],"author":[{"embeddable":true,"href":"https:\/\/info-des-communes.fr\/index.php?rest_route=\/wp\/v2\/users\/2"}],"replies":[{"embeddable":true,"href":"https:\/\/info-des-communes.fr\/index.php?rest_route=%2Fwp%2Fv2%2Fcomments&post=521439"}],"version-history":[{"count":0,"href":"https:\/\/info-des-communes.fr\/index.php?rest_route=\/wp\/v2\/posts\/521439\/revisions"}],"wp:featuredmedia":[{"embeddable":true,"href":"https:\/\/info-des-communes.fr\/index.php?rest_route=\/wp\/v2\/media\/521440"}],"wp:attachment":[{"href":"https:\/\/info-des-communes.fr\/index.php?rest_route=%2Fwp%2Fv2%2Fmedia&parent=521439"}],"wp:term":[{"taxonomy":"category","embeddable":true,"href":"https:\/\/info-des-communes.fr\/index.php?rest_route=%2Fwp%2Fv2%2Fcategories&post=521439"},{"taxonomy":"post_tag","embeddable":true,"href":"https:\/\/info-des-communes.fr\/index.php?rest_route=%2Fwp%2Fv2%2Ftags&post=521439"}],"curies":[{"name":"wp","href":"https:\/\/api.w.org\/{rel}","templated":true}]}}