{"id":521437,"date":"2026-04-28T08:47:31","date_gmt":"2026-04-28T06:47:31","guid":{"rendered":"https:\/\/info-des-communes.fr\/?p=521437"},"modified":"2026-04-28T08:47:31","modified_gmt":"2026-04-28T06:47:31","slug":"audiovisuel-public-je-ne-me-suis-pas-couche-devant-lextreme-droite-reagit-le-president-de-la-commission-jeremie-patrier-leitus","status":"publish","type":"post","link":"https:\/\/info-des-communes.fr\/?p=521437","title":{"rendered":"Audiovisuel public : \u00ab\u00a0Je ne me suis pas couch\u00e9 devant l\u2019extr\u00eame droite\u00a0\u00bb, r\u00e9agit le pr\u00e9sident de la commission J\u00e9r\u00e9mie Patrier-Leitus"},"content":{"rendered":"<p>Les d\u00e9put\u00e9s de la commission d&rsquo;enqu\u00eate sur l&rsquo;audiovisuel public ont adopt\u00e9 lundi le rapport de Charles Alloncle, malgr\u00e9 de vives protestations de la gauche. Le document de pr\u00e8s de 400 pages pourra \u00eatre rendu public dans une semaine.<\/p>","protected":false},"excerpt":{"rendered":"<p>Les d\u00e9put\u00e9s de la commission d&rsquo;enqu\u00eate sur l&rsquo;audiovisuel public ont adopt\u00e9 lundi le rapport de Charles Alloncle, malgr\u00e9 de vives protestations de la gauche. Le document de pr\u00e8s de 400 [&hellip;]<\/p>\n","protected":false},"author":2,"featured_media":521438,"comment_status":"","ping_status":"closed","sticky":false,"template":"","format":"standard","meta":{"footnotes":""},"categories":[106],"tags":[],"class_list":["post-521437","post","type-post","status-publish","format-standard","has-post-thumbnail","hentry","category-actualites"],"_links":{"self":[{"href":"https:\/\/info-des-communes.fr\/index.php?rest_route=\/wp\/v2\/posts\/521437","targetHints":{"allow":["GET"]}}],"collection":[{"href":"https:\/\/info-des-communes.fr\/index.php?rest_route=\/wp\/v2\/posts"}],"about":[{"href":"https:\/\/info-des-communes.fr\/index.php?rest_route=\/wp\/v2\/types\/post"}],"author":[{"embeddable":true,"href":"https:\/\/info-des-communes.fr\/index.php?rest_route=\/wp\/v2\/users\/2"}],"replies":[{"embeddable":true,"href":"https:\/\/info-des-communes.fr\/index.php?rest_route=%2Fwp%2Fv2%2Fcomments&post=521437"}],"version-history":[{"count":0,"href":"https:\/\/info-des-communes.fr\/index.php?rest_route=\/wp\/v2\/posts\/521437\/revisions"}],"wp:featuredmedia":[{"embeddable":true,"href":"https:\/\/info-des-communes.fr\/index.php?rest_route=\/wp\/v2\/media\/521438"}],"wp:attachment":[{"href":"https:\/\/info-des-communes.fr\/index.php?rest_route=%2Fwp%2Fv2%2Fmedia&parent=521437"}],"wp:term":[{"taxonomy":"category","embeddable":true,"href":"https:\/\/info-des-communes.fr\/index.php?rest_route=%2Fwp%2Fv2%2Fcategories&post=521437"},{"taxonomy":"post_tag","embeddable":true,"href":"https:\/\/info-des-communes.fr\/index.php?rest_route=%2Fwp%2Fv2%2Ftags&post=521437"}],"curies":[{"name":"wp","href":"https:\/\/api.w.org\/{rel}","templated":true}]}}