{"id":521431,"date":"2026-04-28T08:03:58","date_gmt":"2026-04-28T06:03:58","guid":{"rendered":"https:\/\/info-des-communes.fr\/?p=521431"},"modified":"2026-04-28T08:03:58","modified_gmt":"2026-04-28T06:03:58","slug":"audiovisuel-public-nous-allons-faire-un-contre-rapport-annonce-erwan-balanant-membre-modem-de-la-commission-denquete","status":"publish","type":"post","link":"https:\/\/info-des-communes.fr\/?p=521431","title":{"rendered":"Audiovisuel public : \u00ab\u00a0Nous allons faire un contre-rapport\u00a0\u00bb, annonce Erwan Balanant, membre MoDem de la commission d\u2019enqu\u00eate"},"content":{"rendered":"<p>Les d\u00e9put\u00e9s de la commission d&rsquo;enqu\u00eate sur l&rsquo;audiovisuel public ont adopt\u00e9 lundi le rapport de Charles Alloncle, malgr\u00e9 de vives protestations de la gauche. Le document de pr\u00e8s de 400 pages pourra \u00eatre rendu public dans une semaine.<\/p>","protected":false},"excerpt":{"rendered":"<p>Les d\u00e9put\u00e9s de la commission d&rsquo;enqu\u00eate sur l&rsquo;audiovisuel public ont adopt\u00e9 lundi le rapport de Charles Alloncle, malgr\u00e9 de vives protestations de la gauche. Le document de pr\u00e8s de 400 [&hellip;]<\/p>\n","protected":false},"author":2,"featured_media":521432,"comment_status":"","ping_status":"closed","sticky":false,"template":"","format":"standard","meta":{"footnotes":""},"categories":[106],"tags":[],"class_list":["post-521431","post","type-post","status-publish","format-standard","has-post-thumbnail","hentry","category-actualites"],"_links":{"self":[{"href":"https:\/\/info-des-communes.fr\/index.php?rest_route=\/wp\/v2\/posts\/521431","targetHints":{"allow":["GET"]}}],"collection":[{"href":"https:\/\/info-des-communes.fr\/index.php?rest_route=\/wp\/v2\/posts"}],"about":[{"href":"https:\/\/info-des-communes.fr\/index.php?rest_route=\/wp\/v2\/types\/post"}],"author":[{"embeddable":true,"href":"https:\/\/info-des-communes.fr\/index.php?rest_route=\/wp\/v2\/users\/2"}],"replies":[{"embeddable":true,"href":"https:\/\/info-des-communes.fr\/index.php?rest_route=%2Fwp%2Fv2%2Fcomments&post=521431"}],"version-history":[{"count":0,"href":"https:\/\/info-des-communes.fr\/index.php?rest_route=\/wp\/v2\/posts\/521431\/revisions"}],"wp:featuredmedia":[{"embeddable":true,"href":"https:\/\/info-des-communes.fr\/index.php?rest_route=\/wp\/v2\/media\/521432"}],"wp:attachment":[{"href":"https:\/\/info-des-communes.fr\/index.php?rest_route=%2Fwp%2Fv2%2Fmedia&parent=521431"}],"wp:term":[{"taxonomy":"category","embeddable":true,"href":"https:\/\/info-des-communes.fr\/index.php?rest_route=%2Fwp%2Fv2%2Fcategories&post=521431"},{"taxonomy":"post_tag","embeddable":true,"href":"https:\/\/info-des-communes.fr\/index.php?rest_route=%2Fwp%2Fv2%2Ftags&post=521431"}],"curies":[{"name":"wp","href":"https:\/\/api.w.org\/{rel}","templated":true}]}}