{"id":521427,"date":"2026-04-28T06:00:04","date_gmt":"2026-04-28T04:00:04","guid":{"rendered":"https:\/\/info-des-communes.fr\/?p=521427"},"modified":"2026-04-28T06:00:04","modified_gmt":"2026-04-28T04:00:04","slug":"crise-agricole-43-des-agriculteurs-francais-ne-degagent-pas-un-smic-de-leur-activite-revele-une-etude-de-lobservatoire-de-la-remuneration-agricole-equitable-de-max-havelaar-france","status":"publish","type":"post","link":"https:\/\/info-des-communes.fr\/?p=521427","title":{"rendered":"Crise agricole : 43% des agriculteurs fran\u00e7ais ne d\u00e9gagent pas un smic de leur activit\u00e9, r\u00e9v\u00e8le une \u00e9tude de l&rsquo;Observatoire de la r\u00e9mun\u00e9ration agricole \u00e9quitable de Max Havelaar France"},"content":{"rendered":"<p>\u00ab\u00a0Toutes les fili\u00e8res agricoles ne sont pas confront\u00e9es aux m\u00eames niveaux de fragilit\u00e9 \u00e9conomique\u00a0\u00bb, avec \u00ab\u00a0des \u00e9carts tr\u00e8s marqu\u00e9s selon les productions agricoles\u00a0\u00bb, rel\u00e8ve notamment l&rsquo;\u00e9tude publi\u00e9e mardi.<\/p>","protected":false},"excerpt":{"rendered":"<p>\u00ab\u00a0Toutes les fili\u00e8res agricoles ne sont pas confront\u00e9es aux m\u00eames niveaux de fragilit\u00e9 \u00e9conomique\u00a0\u00bb, avec \u00ab\u00a0des \u00e9carts tr\u00e8s marqu\u00e9s selon les productions agricoles\u00a0\u00bb, rel\u00e8ve notamment l&rsquo;\u00e9tude publi\u00e9e mardi.<\/p>\n","protected":false},"author":2,"featured_media":521428,"comment_status":"","ping_status":"closed","sticky":false,"template":"","format":"standard","meta":{"footnotes":""},"categories":[106],"tags":[],"class_list":["post-521427","post","type-post","status-publish","format-standard","has-post-thumbnail","hentry","category-actualites"],"_links":{"self":[{"href":"https:\/\/info-des-communes.fr\/index.php?rest_route=\/wp\/v2\/posts\/521427","targetHints":{"allow":["GET"]}}],"collection":[{"href":"https:\/\/info-des-communes.fr\/index.php?rest_route=\/wp\/v2\/posts"}],"about":[{"href":"https:\/\/info-des-communes.fr\/index.php?rest_route=\/wp\/v2\/types\/post"}],"author":[{"embeddable":true,"href":"https:\/\/info-des-communes.fr\/index.php?rest_route=\/wp\/v2\/users\/2"}],"replies":[{"embeddable":true,"href":"https:\/\/info-des-communes.fr\/index.php?rest_route=%2Fwp%2Fv2%2Fcomments&post=521427"}],"version-history":[{"count":0,"href":"https:\/\/info-des-communes.fr\/index.php?rest_route=\/wp\/v2\/posts\/521427\/revisions"}],"wp:featuredmedia":[{"embeddable":true,"href":"https:\/\/info-des-communes.fr\/index.php?rest_route=\/wp\/v2\/media\/521428"}],"wp:attachment":[{"href":"https:\/\/info-des-communes.fr\/index.php?rest_route=%2Fwp%2Fv2%2Fmedia&parent=521427"}],"wp:term":[{"taxonomy":"category","embeddable":true,"href":"https:\/\/info-des-communes.fr\/index.php?rest_route=%2Fwp%2Fv2%2Fcategories&post=521427"},{"taxonomy":"post_tag","embeddable":true,"href":"https:\/\/info-des-communes.fr\/index.php?rest_route=%2Fwp%2Fv2%2Ftags&post=521427"}],"curies":[{"name":"wp","href":"https:\/\/api.w.org\/{rel}","templated":true}]}}