{"id":521425,"date":"2026-04-28T05:56:00","date_gmt":"2026-04-28T03:56:00","guid":{"rendered":"https:\/\/info-des-communes.fr\/?p=521425"},"modified":"2026-04-28T05:56:00","modified_gmt":"2026-04-28T03:56:00","slug":"conference-sur-la-sortie-des-energies-fossiles-larticle-a-lire-pour-comprendre-lenjeu-de-notre-dependance-au-petrole-au-gaz-et-au-charbon","status":"publish","type":"post","link":"https:\/\/info-des-communes.fr\/?p=521425","title":{"rendered":"Conf\u00e9rence sur la sortie des \u00e9nergies fossiles\u00a0: l&rsquo;article \u00e0 lire pour comprendre l&rsquo;enjeu de notre d\u00e9pendance au p\u00e9trole, au gaz et au charbon"},"content":{"rendered":"<p>Une coalition de pays d\u00e9termin\u00e9s \u00e0 mettre fin aux \u00e9nergies fossiles se r\u00e9unit en Colombie mardi et mercredi. Franceinfo r\u00e9sume ce qu&rsquo;il faut savoir sur ces ressources qui alimentent les activit\u00e9s humaines&#8230; mais aussi les conflits et le r\u00e9chauffement climatique.<\/p>","protected":false},"excerpt":{"rendered":"<p>Une coalition de pays d\u00e9termin\u00e9s \u00e0 mettre fin aux \u00e9nergies fossiles se r\u00e9unit en Colombie mardi et mercredi. Franceinfo r\u00e9sume ce qu&rsquo;il faut savoir sur ces ressources qui alimentent les [&hellip;]<\/p>\n","protected":false},"author":2,"featured_media":521426,"comment_status":"","ping_status":"closed","sticky":false,"template":"","format":"standard","meta":{"footnotes":""},"categories":[106],"tags":[],"class_list":["post-521425","post","type-post","status-publish","format-standard","has-post-thumbnail","hentry","category-actualites"],"_links":{"self":[{"href":"https:\/\/info-des-communes.fr\/index.php?rest_route=\/wp\/v2\/posts\/521425","targetHints":{"allow":["GET"]}}],"collection":[{"href":"https:\/\/info-des-communes.fr\/index.php?rest_route=\/wp\/v2\/posts"}],"about":[{"href":"https:\/\/info-des-communes.fr\/index.php?rest_route=\/wp\/v2\/types\/post"}],"author":[{"embeddable":true,"href":"https:\/\/info-des-communes.fr\/index.php?rest_route=\/wp\/v2\/users\/2"}],"replies":[{"embeddable":true,"href":"https:\/\/info-des-communes.fr\/index.php?rest_route=%2Fwp%2Fv2%2Fcomments&post=521425"}],"version-history":[{"count":0,"href":"https:\/\/info-des-communes.fr\/index.php?rest_route=\/wp\/v2\/posts\/521425\/revisions"}],"wp:featuredmedia":[{"embeddable":true,"href":"https:\/\/info-des-communes.fr\/index.php?rest_route=\/wp\/v2\/media\/521426"}],"wp:attachment":[{"href":"https:\/\/info-des-communes.fr\/index.php?rest_route=%2Fwp%2Fv2%2Fmedia&parent=521425"}],"wp:term":[{"taxonomy":"category","embeddable":true,"href":"https:\/\/info-des-communes.fr\/index.php?rest_route=%2Fwp%2Fv2%2Fcategories&post=521425"},{"taxonomy":"post_tag","embeddable":true,"href":"https:\/\/info-des-communes.fr\/index.php?rest_route=%2Fwp%2Fv2%2Ftags&post=521425"}],"curies":[{"name":"wp","href":"https:\/\/api.w.org\/{rel}","templated":true}]}}