{"id":521423,"date":"2026-04-27T22:22:37","date_gmt":"2026-04-27T20:22:37","guid":{"rendered":"https:\/\/info-des-communes.fr\/?p=521423"},"modified":"2026-04-27T22:22:37","modified_gmt":"2026-04-27T20:22:37","slug":"le-mali-plonge-dans-une-grave-securitaire-apres-la-perte-de-kidal-et-des-attaques-conjointes-des-rebelles-touareg-et-des-jihadistes","status":"publish","type":"post","link":"https:\/\/info-des-communes.fr\/?p=521423","title":{"rendered":"Le Mali plong\u00e9 dans une grave s\u00e9curitaire apr\u00e8s la perte de Kidal et des attaques conjointes des rebelles touareg et des jihadistes"},"content":{"rendered":"<p>Le Premier ministre du gouvernement de transition, Abdoulaye Maiga, a affirm\u00e9 que les forces arm\u00e9es avaient \u00ab\u00a0neutralis\u00e9 des centaines de terroristes\u00a0\u00bb.<\/p>","protected":false},"excerpt":{"rendered":"<p>Le Premier ministre du gouvernement de transition, Abdoulaye Maiga, a affirm\u00e9 que les forces arm\u00e9es avaient \u00ab\u00a0neutralis\u00e9 des centaines de terroristes\u00a0\u00bb.<\/p>\n","protected":false},"author":2,"featured_media":521424,"comment_status":"","ping_status":"closed","sticky":false,"template":"","format":"standard","meta":{"footnotes":""},"categories":[106],"tags":[],"class_list":["post-521423","post","type-post","status-publish","format-standard","has-post-thumbnail","hentry","category-actualites"],"_links":{"self":[{"href":"https:\/\/info-des-communes.fr\/index.php?rest_route=\/wp\/v2\/posts\/521423","targetHints":{"allow":["GET"]}}],"collection":[{"href":"https:\/\/info-des-communes.fr\/index.php?rest_route=\/wp\/v2\/posts"}],"about":[{"href":"https:\/\/info-des-communes.fr\/index.php?rest_route=\/wp\/v2\/types\/post"}],"author":[{"embeddable":true,"href":"https:\/\/info-des-communes.fr\/index.php?rest_route=\/wp\/v2\/users\/2"}],"replies":[{"embeddable":true,"href":"https:\/\/info-des-communes.fr\/index.php?rest_route=%2Fwp%2Fv2%2Fcomments&post=521423"}],"version-history":[{"count":0,"href":"https:\/\/info-des-communes.fr\/index.php?rest_route=\/wp\/v2\/posts\/521423\/revisions"}],"wp:featuredmedia":[{"embeddable":true,"href":"https:\/\/info-des-communes.fr\/index.php?rest_route=\/wp\/v2\/media\/521424"}],"wp:attachment":[{"href":"https:\/\/info-des-communes.fr\/index.php?rest_route=%2Fwp%2Fv2%2Fmedia&parent=521423"}],"wp:term":[{"taxonomy":"category","embeddable":true,"href":"https:\/\/info-des-communes.fr\/index.php?rest_route=%2Fwp%2Fv2%2Fcategories&post=521423"},{"taxonomy":"post_tag","embeddable":true,"href":"https:\/\/info-des-communes.fr\/index.php?rest_route=%2Fwp%2Fv2%2Ftags&post=521423"}],"curies":[{"name":"wp","href":"https:\/\/api.w.org\/{rel}","templated":true}]}}