{"id":521420,"date":"2026-04-27T20:55:13","date_gmt":"2026-04-27T18:55:13","guid":{"rendered":"https:\/\/info-des-communes.fr\/?p=521420"},"modified":"2026-04-27T20:55:13","modified_gmt":"2026-04-27T18:55:13","slug":"la-compagnie-air-antilles-est-placee-en-liquidation-judiciaire-avec-cessation-immediate-dactivite","status":"publish","type":"post","link":"https:\/\/info-des-communes.fr\/?p=521420","title":{"rendered":"La compagnie Air Antilles est plac\u00e9e en liquidation judiciaire avec cessation imm\u00e9diate d&rsquo;activit\u00e9"},"content":{"rendered":"<p>Les offres de reprise de la compagnie a\u00e9rienne, clou\u00e9e au sol depuis d\u00e9cembre, n&rsquo;ont pas convaincu le tribunal de commerce de Pointe-\u00e0-Pitre.<\/p>","protected":false},"excerpt":{"rendered":"<p>Les offres de reprise de la compagnie a\u00e9rienne, clou\u00e9e au sol depuis d\u00e9cembre, n&rsquo;ont pas convaincu le tribunal de commerce de Pointe-\u00e0-Pitre.<\/p>\n","protected":false},"author":2,"featured_media":521421,"comment_status":"","ping_status":"closed","sticky":false,"template":"","format":"standard","meta":{"footnotes":""},"categories":[106],"tags":[],"class_list":["post-521420","post","type-post","status-publish","format-standard","has-post-thumbnail","hentry","category-actualites"],"_links":{"self":[{"href":"https:\/\/info-des-communes.fr\/index.php?rest_route=\/wp\/v2\/posts\/521420","targetHints":{"allow":["GET"]}}],"collection":[{"href":"https:\/\/info-des-communes.fr\/index.php?rest_route=\/wp\/v2\/posts"}],"about":[{"href":"https:\/\/info-des-communes.fr\/index.php?rest_route=\/wp\/v2\/types\/post"}],"author":[{"embeddable":true,"href":"https:\/\/info-des-communes.fr\/index.php?rest_route=\/wp\/v2\/users\/2"}],"replies":[{"embeddable":true,"href":"https:\/\/info-des-communes.fr\/index.php?rest_route=%2Fwp%2Fv2%2Fcomments&post=521420"}],"version-history":[{"count":0,"href":"https:\/\/info-des-communes.fr\/index.php?rest_route=\/wp\/v2\/posts\/521420\/revisions"}],"wp:featuredmedia":[{"embeddable":true,"href":"https:\/\/info-des-communes.fr\/index.php?rest_route=\/wp\/v2\/media\/521421"}],"wp:attachment":[{"href":"https:\/\/info-des-communes.fr\/index.php?rest_route=%2Fwp%2Fv2%2Fmedia&parent=521420"}],"wp:term":[{"taxonomy":"category","embeddable":true,"href":"https:\/\/info-des-communes.fr\/index.php?rest_route=%2Fwp%2Fv2%2Fcategories&post=521420"},{"taxonomy":"post_tag","embeddable":true,"href":"https:\/\/info-des-communes.fr\/index.php?rest_route=%2Fwp%2Fv2%2Ftags&post=521420"}],"curies":[{"name":"wp","href":"https:\/\/api.w.org\/{rel}","templated":true}]}}