{"id":521416,"date":"2026-04-27T19:18:28","date_gmt":"2026-04-27T17:18:28","guid":{"rendered":"https:\/\/info-des-communes.fr\/?p=521416"},"modified":"2026-04-27T19:18:28","modified_gmt":"2026-04-27T17:18:28","slug":"evacuation-de-donald-trump-bouclage-de-lhotel-evaluation-de-la-menace-le-protocole-de-securite-mis-en-place-par-le-secret-service-au-gala-de-la-presse-etait-il-a-la-hauteur","status":"publish","type":"post","link":"https:\/\/info-des-communes.fr\/?p=521416","title":{"rendered":"Evacuation de Donald Trump, bouclage de l&rsquo;h\u00f4tel, \u00e9valuation de la menace\u2026 Le protocole de s\u00e9curit\u00e9 mis en place par le Secret Service au gala de la presse \u00e9tait-il \u00e0 la hauteur\u00a0?"},"content":{"rendered":"<p>Un homme lourdement arm\u00e9 a \u00e9t\u00e9 appr\u00e9hend\u00e9 samedi apr\u00e8s avoir ouvert le feu au d\u00eener annuel des correspondants de presse de la Maison Blanche, \u00e0 Washington. Un incident qui remet en question l&rsquo;efficacit\u00e9 du Secret Service, l&rsquo;organisme notamment charg\u00e9 de la protection du pr\u00e9sident am\u00e9ricain.<\/p>","protected":false},"excerpt":{"rendered":"<p>Un homme lourdement arm\u00e9 a \u00e9t\u00e9 appr\u00e9hend\u00e9 samedi apr\u00e8s avoir ouvert le feu au d\u00eener annuel des correspondants de presse de la Maison Blanche, \u00e0 Washington. Un incident qui remet [&hellip;]<\/p>\n","protected":false},"author":2,"featured_media":521417,"comment_status":"","ping_status":"closed","sticky":false,"template":"","format":"standard","meta":{"footnotes":""},"categories":[106],"tags":[],"class_list":["post-521416","post","type-post","status-publish","format-standard","has-post-thumbnail","hentry","category-actualites"],"_links":{"self":[{"href":"https:\/\/info-des-communes.fr\/index.php?rest_route=\/wp\/v2\/posts\/521416","targetHints":{"allow":["GET"]}}],"collection":[{"href":"https:\/\/info-des-communes.fr\/index.php?rest_route=\/wp\/v2\/posts"}],"about":[{"href":"https:\/\/info-des-communes.fr\/index.php?rest_route=\/wp\/v2\/types\/post"}],"author":[{"embeddable":true,"href":"https:\/\/info-des-communes.fr\/index.php?rest_route=\/wp\/v2\/users\/2"}],"replies":[{"embeddable":true,"href":"https:\/\/info-des-communes.fr\/index.php?rest_route=%2Fwp%2Fv2%2Fcomments&post=521416"}],"version-history":[{"count":0,"href":"https:\/\/info-des-communes.fr\/index.php?rest_route=\/wp\/v2\/posts\/521416\/revisions"}],"wp:featuredmedia":[{"embeddable":true,"href":"https:\/\/info-des-communes.fr\/index.php?rest_route=\/wp\/v2\/media\/521417"}],"wp:attachment":[{"href":"https:\/\/info-des-communes.fr\/index.php?rest_route=%2Fwp%2Fv2%2Fmedia&parent=521416"}],"wp:term":[{"taxonomy":"category","embeddable":true,"href":"https:\/\/info-des-communes.fr\/index.php?rest_route=%2Fwp%2Fv2%2Fcategories&post=521416"},{"taxonomy":"post_tag","embeddable":true,"href":"https:\/\/info-des-communes.fr\/index.php?rest_route=%2Fwp%2Fv2%2Ftags&post=521416"}],"curies":[{"name":"wp","href":"https:\/\/api.w.org\/{rel}","templated":true}]}}