{"id":521404,"date":"2026-04-27T13:51:46","date_gmt":"2026-04-27T11:51:46","guid":{"rendered":"https:\/\/info-des-communes.fr\/?p=521404"},"modified":"2026-04-27T13:51:46","modified_gmt":"2026-04-27T11:51:46","slug":"prisons-le-syndicat-national-des-directeurs-penitentiaires-deplore-labsence-de-prise-de-conscience-politique-face-a-lurgence-de-la-situation","status":"publish","type":"post","link":"https:\/\/info-des-communes.fr\/?p=521404","title":{"rendered":"Prisons : le syndicat national des directeurs p\u00e9nitentiaires d\u00e9plore l&rsquo;absence \u00ab\u00a0de prise de conscience politique\u00a0\u00bb face \u00e0 \u00ab\u00a0l&rsquo;urgence de la situation\u00a0\u00bb"},"content":{"rendered":"<p>Jean\u2011Fran\u00e7ois Fogliarino juge que les annonces gouvernementales visant \u00e0 r\u00e9duire la surpopulation carc\u00e9rale sont insuffisantes alors que des dizaines d&rsquo;\u00e9tablissements p\u00e9nitentiaires sont en gr\u00e8ve ce lundi.<\/p>","protected":false},"excerpt":{"rendered":"<p>Jean\u2011Fran\u00e7ois Fogliarino juge que les annonces gouvernementales visant \u00e0 r\u00e9duire la surpopulation carc\u00e9rale sont insuffisantes alors que des dizaines d&rsquo;\u00e9tablissements p\u00e9nitentiaires sont en gr\u00e8ve ce lundi.<\/p>\n","protected":false},"author":2,"featured_media":521405,"comment_status":"","ping_status":"closed","sticky":false,"template":"","format":"standard","meta":{"footnotes":""},"categories":[106],"tags":[],"class_list":["post-521404","post","type-post","status-publish","format-standard","has-post-thumbnail","hentry","category-actualites"],"_links":{"self":[{"href":"https:\/\/info-des-communes.fr\/index.php?rest_route=\/wp\/v2\/posts\/521404","targetHints":{"allow":["GET"]}}],"collection":[{"href":"https:\/\/info-des-communes.fr\/index.php?rest_route=\/wp\/v2\/posts"}],"about":[{"href":"https:\/\/info-des-communes.fr\/index.php?rest_route=\/wp\/v2\/types\/post"}],"author":[{"embeddable":true,"href":"https:\/\/info-des-communes.fr\/index.php?rest_route=\/wp\/v2\/users\/2"}],"replies":[{"embeddable":true,"href":"https:\/\/info-des-communes.fr\/index.php?rest_route=%2Fwp%2Fv2%2Fcomments&post=521404"}],"version-history":[{"count":0,"href":"https:\/\/info-des-communes.fr\/index.php?rest_route=\/wp\/v2\/posts\/521404\/revisions"}],"wp:featuredmedia":[{"embeddable":true,"href":"https:\/\/info-des-communes.fr\/index.php?rest_route=\/wp\/v2\/media\/521405"}],"wp:attachment":[{"href":"https:\/\/info-des-communes.fr\/index.php?rest_route=%2Fwp%2Fv2%2Fmedia&parent=521404"}],"wp:term":[{"taxonomy":"category","embeddable":true,"href":"https:\/\/info-des-communes.fr\/index.php?rest_route=%2Fwp%2Fv2%2Fcategories&post=521404"},{"taxonomy":"post_tag","embeddable":true,"href":"https:\/\/info-des-communes.fr\/index.php?rest_route=%2Fwp%2Fv2%2Ftags&post=521404"}],"curies":[{"name":"wp","href":"https:\/\/api.w.org\/{rel}","templated":true}]}}