{"id":521398,"date":"2026-04-27T11:14:50","date_gmt":"2026-04-27T09:14:50","guid":{"rendered":"https:\/\/info-des-communes.fr\/?p=521398"},"modified":"2026-04-27T11:14:50","modified_gmt":"2026-04-27T09:14:50","slug":"la-publication-du-rapport-de-la-commission-denquete-sur-laudiovisuel-public-tranchee-lundi","status":"publish","type":"post","link":"https:\/\/info-des-communes.fr\/?p=521398","title":{"rendered":"La publication du rapport de la commission d&rsquo;enqu\u00eate sur l&rsquo;audiovisuel public tranch\u00e9e lundi"},"content":{"rendered":"<p>Des d\u00e9put\u00e9s se prononcent lundi sur la publication du rapport sur l&rsquo;audiovisuel public r\u00e9dig\u00e9 par leur coll\u00e8gue UDR Charles Alloncle, un vote crucial et incertain apr\u00e8s les pol\u00e9miques sur ses m\u00e9thodes.<\/p>","protected":false},"excerpt":{"rendered":"<p>Des d\u00e9put\u00e9s se prononcent lundi sur la publication du rapport sur l&rsquo;audiovisuel public r\u00e9dig\u00e9 par leur coll\u00e8gue UDR Charles Alloncle, un vote crucial et incertain apr\u00e8s les pol\u00e9miques sur ses [&hellip;]<\/p>\n","protected":false},"author":2,"featured_media":521399,"comment_status":"","ping_status":"closed","sticky":false,"template":"","format":"standard","meta":{"footnotes":""},"categories":[106],"tags":[],"class_list":["post-521398","post","type-post","status-publish","format-standard","has-post-thumbnail","hentry","category-actualites"],"_links":{"self":[{"href":"https:\/\/info-des-communes.fr\/index.php?rest_route=\/wp\/v2\/posts\/521398","targetHints":{"allow":["GET"]}}],"collection":[{"href":"https:\/\/info-des-communes.fr\/index.php?rest_route=\/wp\/v2\/posts"}],"about":[{"href":"https:\/\/info-des-communes.fr\/index.php?rest_route=\/wp\/v2\/types\/post"}],"author":[{"embeddable":true,"href":"https:\/\/info-des-communes.fr\/index.php?rest_route=\/wp\/v2\/users\/2"}],"replies":[{"embeddable":true,"href":"https:\/\/info-des-communes.fr\/index.php?rest_route=%2Fwp%2Fv2%2Fcomments&post=521398"}],"version-history":[{"count":0,"href":"https:\/\/info-des-communes.fr\/index.php?rest_route=\/wp\/v2\/posts\/521398\/revisions"}],"wp:featuredmedia":[{"embeddable":true,"href":"https:\/\/info-des-communes.fr\/index.php?rest_route=\/wp\/v2\/media\/521399"}],"wp:attachment":[{"href":"https:\/\/info-des-communes.fr\/index.php?rest_route=%2Fwp%2Fv2%2Fmedia&parent=521398"}],"wp:term":[{"taxonomy":"category","embeddable":true,"href":"https:\/\/info-des-communes.fr\/index.php?rest_route=%2Fwp%2Fv2%2Fcategories&post=521398"},{"taxonomy":"post_tag","embeddable":true,"href":"https:\/\/info-des-communes.fr\/index.php?rest_route=%2Fwp%2Fv2%2Ftags&post=521398"}],"curies":[{"name":"wp","href":"https:\/\/api.w.org\/{rel}","templated":true}]}}