{"id":521392,"date":"2026-04-27T08:28:40","date_gmt":"2026-04-27T06:28:40","guid":{"rendered":"https:\/\/info-des-communes.fr\/?p=521392"},"modified":"2026-04-27T08:28:40","modified_gmt":"2026-04-27T06:28:40","slug":"reindustrialisation-sante-et-avortement-le-programme-demmanuel-macron-en-deplacement-en-ariege-puis-en-andorre","status":"publish","type":"post","link":"https:\/\/info-des-communes.fr\/?p=521392","title":{"rendered":"R\u00e9industrialisation, sant\u00e9 et avortement&#8230; Le programme d&rsquo;Emmanuel Macron en d\u00e9placement en Ari\u00e8ge puis en Andorre"},"content":{"rendered":"<p>La tradition, \u00e9tablie par Charles de Gaulle, veut que chaque pr\u00e9sident se rende durant son mandat dans la principaut\u00e9 nich\u00e9e entre la France et l&rsquo;Espagne. Emmanuel Macron l&rsquo;avait fait en 2019, lors de son premier quinquennat.<\/p>","protected":false},"excerpt":{"rendered":"<p>La tradition, \u00e9tablie par Charles de Gaulle, veut que chaque pr\u00e9sident se rende durant son mandat dans la principaut\u00e9 nich\u00e9e entre la France et l&rsquo;Espagne. Emmanuel Macron l&rsquo;avait fait en [&hellip;]<\/p>\n","protected":false},"author":2,"featured_media":521393,"comment_status":"","ping_status":"closed","sticky":false,"template":"","format":"standard","meta":{"footnotes":""},"categories":[106],"tags":[],"class_list":["post-521392","post","type-post","status-publish","format-standard","has-post-thumbnail","hentry","category-actualites"],"_links":{"self":[{"href":"https:\/\/info-des-communes.fr\/index.php?rest_route=\/wp\/v2\/posts\/521392","targetHints":{"allow":["GET"]}}],"collection":[{"href":"https:\/\/info-des-communes.fr\/index.php?rest_route=\/wp\/v2\/posts"}],"about":[{"href":"https:\/\/info-des-communes.fr\/index.php?rest_route=\/wp\/v2\/types\/post"}],"author":[{"embeddable":true,"href":"https:\/\/info-des-communes.fr\/index.php?rest_route=\/wp\/v2\/users\/2"}],"replies":[{"embeddable":true,"href":"https:\/\/info-des-communes.fr\/index.php?rest_route=%2Fwp%2Fv2%2Fcomments&post=521392"}],"version-history":[{"count":0,"href":"https:\/\/info-des-communes.fr\/index.php?rest_route=\/wp\/v2\/posts\/521392\/revisions"}],"wp:featuredmedia":[{"embeddable":true,"href":"https:\/\/info-des-communes.fr\/index.php?rest_route=\/wp\/v2\/media\/521393"}],"wp:attachment":[{"href":"https:\/\/info-des-communes.fr\/index.php?rest_route=%2Fwp%2Fv2%2Fmedia&parent=521392"}],"wp:term":[{"taxonomy":"category","embeddable":true,"href":"https:\/\/info-des-communes.fr\/index.php?rest_route=%2Fwp%2Fv2%2Fcategories&post=521392"},{"taxonomy":"post_tag","embeddable":true,"href":"https:\/\/info-des-communes.fr\/index.php?rest_route=%2Fwp%2Fv2%2Ftags&post=521392"}],"curies":[{"name":"wp","href":"https:\/\/api.w.org\/{rel}","templated":true}]}}