{"id":521390,"date":"2026-04-27T08:44:39","date_gmt":"2026-04-27T06:44:39","guid":{"rendered":"https:\/\/info-des-communes.fr\/?p=521390"},"modified":"2026-04-27T08:44:39","modified_gmt":"2026-04-27T06:44:39","slug":"la-circulation-des-trains-entre-paris-et-orleans-est-fortement-perturbee-a-cause-dun-vol-de-cables-pas-de-retour-a-la-normale-avant-la-fin-de-lapres-midi","status":"publish","type":"post","link":"https:\/\/info-des-communes.fr\/?p=521390","title":{"rendered":"La circulation des trains entre Paris et Orl\u00e9ans est \u00ab\u00a0fortement perturb\u00e9e\u00a0\u00bb \u00e0 cause d&rsquo;un \u00ab\u00a0vol de c\u00e2bles\u00a0\u00bb, pas de retour \u00e0 la normale avant la fin de l&rsquo;apr\u00e8s-midi"},"content":{"rendered":"<p>Le vol de c\u00e2bles a \u00e9t\u00e9 constat\u00e9 lundi matin dans le secteur de Toury, en Eure-et-Loir. Plusieurs trains sont supprim\u00e9s lundi matin. D&rsquo;autres ont plusieurs heures de retard.<\/p>","protected":false},"excerpt":{"rendered":"<p>Le vol de c\u00e2bles a \u00e9t\u00e9 constat\u00e9 lundi matin dans le secteur de Toury, en Eure-et-Loir. Plusieurs trains sont supprim\u00e9s lundi matin. D&rsquo;autres ont plusieurs heures de retard.<\/p>\n","protected":false},"author":2,"featured_media":521391,"comment_status":"","ping_status":"closed","sticky":false,"template":"","format":"standard","meta":{"footnotes":""},"categories":[106],"tags":[],"class_list":["post-521390","post","type-post","status-publish","format-standard","has-post-thumbnail","hentry","category-actualites"],"_links":{"self":[{"href":"https:\/\/info-des-communes.fr\/index.php?rest_route=\/wp\/v2\/posts\/521390","targetHints":{"allow":["GET"]}}],"collection":[{"href":"https:\/\/info-des-communes.fr\/index.php?rest_route=\/wp\/v2\/posts"}],"about":[{"href":"https:\/\/info-des-communes.fr\/index.php?rest_route=\/wp\/v2\/types\/post"}],"author":[{"embeddable":true,"href":"https:\/\/info-des-communes.fr\/index.php?rest_route=\/wp\/v2\/users\/2"}],"replies":[{"embeddable":true,"href":"https:\/\/info-des-communes.fr\/index.php?rest_route=%2Fwp%2Fv2%2Fcomments&post=521390"}],"version-history":[{"count":0,"href":"https:\/\/info-des-communes.fr\/index.php?rest_route=\/wp\/v2\/posts\/521390\/revisions"}],"wp:featuredmedia":[{"embeddable":true,"href":"https:\/\/info-des-communes.fr\/index.php?rest_route=\/wp\/v2\/media\/521391"}],"wp:attachment":[{"href":"https:\/\/info-des-communes.fr\/index.php?rest_route=%2Fwp%2Fv2%2Fmedia&parent=521390"}],"wp:term":[{"taxonomy":"category","embeddable":true,"href":"https:\/\/info-des-communes.fr\/index.php?rest_route=%2Fwp%2Fv2%2Fcategories&post=521390"},{"taxonomy":"post_tag","embeddable":true,"href":"https:\/\/info-des-communes.fr\/index.php?rest_route=%2Fwp%2Fv2%2Ftags&post=521390"}],"curies":[{"name":"wp","href":"https:\/\/api.w.org\/{rel}","templated":true}]}}