{"id":521382,"date":"2026-04-27T05:58:01","date_gmt":"2026-04-27T03:58:01","guid":{"rendered":"https:\/\/info-des-communes.fr\/?p=521382"},"modified":"2026-04-27T05:58:01","modified_gmt":"2026-04-27T03:58:01","slug":"on-doit-rester-forts-pour-nos-enfants-la-vie-dapres-des-familles-bouleversees-par-les-violences-sexuelles-dans-le-periscolaire-a-paris","status":"publish","type":"post","link":"https:\/\/info-des-communes.fr\/?p=521382","title":{"rendered":"\u00ab\u00a0On doit rester forts pour nos enfants\u00a0\u00bb\u00a0: la vie d&rsquo;apr\u00e8s des familles boulevers\u00e9es par les violences sexuelles dans le p\u00e9riscolaire \u00e0 Paris"},"content":{"rendered":"<p>Parents d&rsquo;anciens \u00e9l\u00e8ves des \u00e9coles parisiennes Paul-Dubois, Emeriau et Saint-Dominique, ils relatent le choc de la d\u00e9couverte des faits subis par leurs filles, mais aussi les r\u00e9percussions durables au sein du foyer, la peur dont ils peinent souvent \u00e0 se d\u00e9tacher, et leur col\u00e8re contre les institutions.<\/p>","protected":false},"excerpt":{"rendered":"<p>Parents d&rsquo;anciens \u00e9l\u00e8ves des \u00e9coles parisiennes Paul-Dubois, Emeriau et Saint-Dominique, ils relatent le choc de la d\u00e9couverte des faits subis par leurs filles, mais aussi les r\u00e9percussions durables au sein [&hellip;]<\/p>\n","protected":false},"author":2,"featured_media":521383,"comment_status":"","ping_status":"closed","sticky":false,"template":"","format":"standard","meta":{"footnotes":""},"categories":[106],"tags":[],"class_list":["post-521382","post","type-post","status-publish","format-standard","has-post-thumbnail","hentry","category-actualites"],"_links":{"self":[{"href":"https:\/\/info-des-communes.fr\/index.php?rest_route=\/wp\/v2\/posts\/521382","targetHints":{"allow":["GET"]}}],"collection":[{"href":"https:\/\/info-des-communes.fr\/index.php?rest_route=\/wp\/v2\/posts"}],"about":[{"href":"https:\/\/info-des-communes.fr\/index.php?rest_route=\/wp\/v2\/types\/post"}],"author":[{"embeddable":true,"href":"https:\/\/info-des-communes.fr\/index.php?rest_route=\/wp\/v2\/users\/2"}],"replies":[{"embeddable":true,"href":"https:\/\/info-des-communes.fr\/index.php?rest_route=%2Fwp%2Fv2%2Fcomments&post=521382"}],"version-history":[{"count":0,"href":"https:\/\/info-des-communes.fr\/index.php?rest_route=\/wp\/v2\/posts\/521382\/revisions"}],"wp:featuredmedia":[{"embeddable":true,"href":"https:\/\/info-des-communes.fr\/index.php?rest_route=\/wp\/v2\/media\/521383"}],"wp:attachment":[{"href":"https:\/\/info-des-communes.fr\/index.php?rest_route=%2Fwp%2Fv2%2Fmedia&parent=521382"}],"wp:term":[{"taxonomy":"category","embeddable":true,"href":"https:\/\/info-des-communes.fr\/index.php?rest_route=%2Fwp%2Fv2%2Fcategories&post=521382"},{"taxonomy":"post_tag","embeddable":true,"href":"https:\/\/info-des-communes.fr\/index.php?rest_route=%2Fwp%2Fv2%2Ftags&post=521382"}],"curies":[{"name":"wp","href":"https:\/\/api.w.org\/{rel}","templated":true}]}}