{"id":521378,"date":"2026-04-26T21:18:58","date_gmt":"2026-04-26T19:18:58","guid":{"rendered":"https:\/\/info-des-communes.fr\/?p=521378"},"modified":"2026-04-26T21:18:58","modified_gmt":"2026-04-26T19:18:58","slug":"mort-dyvan-colonna-les-juges-dinstruction-ordonnent-un-proces-pour-assassinat-en-relation-avec-une-entreprise-terroriste","status":"publish","type":"post","link":"https:\/\/info-des-communes.fr\/?p=521378","title":{"rendered":"Mort d&rsquo;Yvan Colonna\u00a0: les juges d&rsquo;instruction ordonnent un proc\u00e8s pour assassinat en relation avec une entreprise terroriste"},"content":{"rendered":"<p>Le d\u00e9tenu Franck Elong Ab\u00e9, accus\u00e9 d&rsquo;avoir tu\u00e9 le militant corse en prison en mars 2022, est renvoy\u00e9 aux assises.<\/p>","protected":false},"excerpt":{"rendered":"<p>Le d\u00e9tenu Franck Elong Ab\u00e9, accus\u00e9 d&rsquo;avoir tu\u00e9 le militant corse en prison en mars 2022, est renvoy\u00e9 aux assises.<\/p>\n","protected":false},"author":2,"featured_media":521379,"comment_status":"","ping_status":"closed","sticky":false,"template":"","format":"standard","meta":{"footnotes":""},"categories":[106],"tags":[],"class_list":["post-521378","post","type-post","status-publish","format-standard","has-post-thumbnail","hentry","category-actualites"],"_links":{"self":[{"href":"https:\/\/info-des-communes.fr\/index.php?rest_route=\/wp\/v2\/posts\/521378","targetHints":{"allow":["GET"]}}],"collection":[{"href":"https:\/\/info-des-communes.fr\/index.php?rest_route=\/wp\/v2\/posts"}],"about":[{"href":"https:\/\/info-des-communes.fr\/index.php?rest_route=\/wp\/v2\/types\/post"}],"author":[{"embeddable":true,"href":"https:\/\/info-des-communes.fr\/index.php?rest_route=\/wp\/v2\/users\/2"}],"replies":[{"embeddable":true,"href":"https:\/\/info-des-communes.fr\/index.php?rest_route=%2Fwp%2Fv2%2Fcomments&post=521378"}],"version-history":[{"count":0,"href":"https:\/\/info-des-communes.fr\/index.php?rest_route=\/wp\/v2\/posts\/521378\/revisions"}],"wp:featuredmedia":[{"embeddable":true,"href":"https:\/\/info-des-communes.fr\/index.php?rest_route=\/wp\/v2\/media\/521379"}],"wp:attachment":[{"href":"https:\/\/info-des-communes.fr\/index.php?rest_route=%2Fwp%2Fv2%2Fmedia&parent=521378"}],"wp:term":[{"taxonomy":"category","embeddable":true,"href":"https:\/\/info-des-communes.fr\/index.php?rest_route=%2Fwp%2Fv2%2Fcategories&post=521378"},{"taxonomy":"post_tag","embeddable":true,"href":"https:\/\/info-des-communes.fr\/index.php?rest_route=%2Fwp%2Fv2%2Ftags&post=521378"}],"curies":[{"name":"wp","href":"https:\/\/api.w.org\/{rel}","templated":true}]}}