{"id":521371,"date":"2026-04-26T19:26:14","date_gmt":"2026-04-26T17:26:14","guid":{"rendered":"https:\/\/info-des-communes.fr\/?p=521371"},"modified":"2026-04-26T19:26:14","modified_gmt":"2026-04-26T17:26:14","slug":"ce-que-lon-sait-des-combats-au-mali-entre-larmee-soutenue-par-les-mercenaires-russes-les-jihadistes-et-les-rebelles-touareg","status":"publish","type":"post","link":"https:\/\/info-des-communes.fr\/?p=521371","title":{"rendered":"Ce que l&rsquo;on sait des combats au Mali entre l&rsquo;arm\u00e9e, soutenue par les mercenaires russes, les jihadistes et les rebelles touareg"},"content":{"rendered":"<p>Les jihadistes, alli\u00e9s aux s\u00e9paratistes touareg, ont lanc\u00e9 samedi des attaques coordonn\u00e9es sans pr\u00e9c\u00e9dent contre la junte au pouvoir. Les combats se sont poursuivis dimanche, pr\u00e8s de la capitale, Bamako, et dans le nord du pays, dans la zone sah\u00e9lienne.<\/p>","protected":false},"excerpt":{"rendered":"<p>Les jihadistes, alli\u00e9s aux s\u00e9paratistes touareg, ont lanc\u00e9 samedi des attaques coordonn\u00e9es sans pr\u00e9c\u00e9dent contre la junte au pouvoir. Les combats se sont poursuivis dimanche, pr\u00e8s de la capitale, Bamako, [&hellip;]<\/p>\n","protected":false},"author":2,"featured_media":521372,"comment_status":"","ping_status":"closed","sticky":false,"template":"","format":"standard","meta":{"footnotes":""},"categories":[106],"tags":[],"class_list":["post-521371","post","type-post","status-publish","format-standard","has-post-thumbnail","hentry","category-actualites"],"_links":{"self":[{"href":"https:\/\/info-des-communes.fr\/index.php?rest_route=\/wp\/v2\/posts\/521371","targetHints":{"allow":["GET"]}}],"collection":[{"href":"https:\/\/info-des-communes.fr\/index.php?rest_route=\/wp\/v2\/posts"}],"about":[{"href":"https:\/\/info-des-communes.fr\/index.php?rest_route=\/wp\/v2\/types\/post"}],"author":[{"embeddable":true,"href":"https:\/\/info-des-communes.fr\/index.php?rest_route=\/wp\/v2\/users\/2"}],"replies":[{"embeddable":true,"href":"https:\/\/info-des-communes.fr\/index.php?rest_route=%2Fwp%2Fv2%2Fcomments&post=521371"}],"version-history":[{"count":0,"href":"https:\/\/info-des-communes.fr\/index.php?rest_route=\/wp\/v2\/posts\/521371\/revisions"}],"wp:featuredmedia":[{"embeddable":true,"href":"https:\/\/info-des-communes.fr\/index.php?rest_route=\/wp\/v2\/media\/521372"}],"wp:attachment":[{"href":"https:\/\/info-des-communes.fr\/index.php?rest_route=%2Fwp%2Fv2%2Fmedia&parent=521371"}],"wp:term":[{"taxonomy":"category","embeddable":true,"href":"https:\/\/info-des-communes.fr\/index.php?rest_route=%2Fwp%2Fv2%2Fcategories&post=521371"},{"taxonomy":"post_tag","embeddable":true,"href":"https:\/\/info-des-communes.fr\/index.php?rest_route=%2Fwp%2Fv2%2Ftags&post=521371"}],"curies":[{"name":"wp","href":"https:\/\/api.w.org\/{rel}","templated":true}]}}