{"id":521367,"date":"2026-04-26T17:10:21","date_gmt":"2026-04-26T15:10:21","guid":{"rendered":"https:\/\/info-des-communes.fr\/?p=521367"},"modified":"2026-04-26T17:10:21","modified_gmt":"2026-04-26T15:10:21","slug":"tirs-a-washington-donald-trump-relance-le-debat-sur-la-protection-des-politiques-et-en-profite-pour-vanter-sa-future-salle-de-bal-hypersecurisee","status":"publish","type":"post","link":"https:\/\/info-des-communes.fr\/?p=521367","title":{"rendered":"Tirs \u00e0 Washington\u00a0: Donald Trump relance le d\u00e9bat sur la protection des politiques et en profite pour vanter sa future salle de bal \u00ab\u00a0hypers\u00e9curis\u00e9e\u00a0\u00bb"},"content":{"rendered":"<p>Des informations \u00ab\u00a0tr\u00e8s pr\u00e9liminaires\u00a0\u00bb font penser aux enqu\u00eateurs que l&rsquo;homme \u00ab\u00a0ciblait des membres de l&rsquo;administration\u00a0\u00bb du pr\u00e9sident Donald Trump, pr\u00e9sent au gala, a d\u00e9clar\u00e9 le ministre de la Justice am\u00e9ricain.<\/p>","protected":false},"excerpt":{"rendered":"<p>Des informations \u00ab\u00a0tr\u00e8s pr\u00e9liminaires\u00a0\u00bb font penser aux enqu\u00eateurs que l&rsquo;homme \u00ab\u00a0ciblait des membres de l&rsquo;administration\u00a0\u00bb du pr\u00e9sident Donald Trump, pr\u00e9sent au gala, a d\u00e9clar\u00e9 le ministre de la Justice am\u00e9ricain.<\/p>\n","protected":false},"author":2,"featured_media":521368,"comment_status":"","ping_status":"closed","sticky":false,"template":"","format":"standard","meta":{"footnotes":""},"categories":[106],"tags":[],"class_list":["post-521367","post","type-post","status-publish","format-standard","has-post-thumbnail","hentry","category-actualites"],"_links":{"self":[{"href":"https:\/\/info-des-communes.fr\/index.php?rest_route=\/wp\/v2\/posts\/521367","targetHints":{"allow":["GET"]}}],"collection":[{"href":"https:\/\/info-des-communes.fr\/index.php?rest_route=\/wp\/v2\/posts"}],"about":[{"href":"https:\/\/info-des-communes.fr\/index.php?rest_route=\/wp\/v2\/types\/post"}],"author":[{"embeddable":true,"href":"https:\/\/info-des-communes.fr\/index.php?rest_route=\/wp\/v2\/users\/2"}],"replies":[{"embeddable":true,"href":"https:\/\/info-des-communes.fr\/index.php?rest_route=%2Fwp%2Fv2%2Fcomments&post=521367"}],"version-history":[{"count":0,"href":"https:\/\/info-des-communes.fr\/index.php?rest_route=\/wp\/v2\/posts\/521367\/revisions"}],"wp:featuredmedia":[{"embeddable":true,"href":"https:\/\/info-des-communes.fr\/index.php?rest_route=\/wp\/v2\/media\/521368"}],"wp:attachment":[{"href":"https:\/\/info-des-communes.fr\/index.php?rest_route=%2Fwp%2Fv2%2Fmedia&parent=521367"}],"wp:term":[{"taxonomy":"category","embeddable":true,"href":"https:\/\/info-des-communes.fr\/index.php?rest_route=%2Fwp%2Fv2%2Fcategories&post=521367"},{"taxonomy":"post_tag","embeddable":true,"href":"https:\/\/info-des-communes.fr\/index.php?rest_route=%2Fwp%2Fv2%2Ftags&post=521367"}],"curies":[{"name":"wp","href":"https:\/\/api.w.org\/{rel}","templated":true}]}}