{"id":521351,"date":"2026-04-26T11:17:27","date_gmt":"2026-04-26T09:17:27","guid":{"rendered":"https:\/\/info-des-communes.fr\/?p=521351"},"modified":"2026-04-26T11:17:27","modified_gmt":"2026-04-26T09:17:27","slug":"tirs-a-un-diner-de-gala-avec-donald-trump-emmanuel-macron-denonce-une-attaque-inacceptable-et-apporte-son-soutien-au-president-americain","status":"publish","type":"post","link":"https:\/\/info-des-communes.fr\/?p=521351","title":{"rendered":"Tirs \u00e0 un d\u00eener de gala avec Donald Trump\u00a0: Emmanuel Macron d\u00e9nonce une attaque \u00ab\u00a0inacceptable\u00a0\u00bb et apporte son \u00ab\u00a0soutien\u00a0\u00bb au pr\u00e9sident am\u00e9ricain"},"content":{"rendered":"<p>Un homme arm\u00e9 a fait irruption dans la nuit de samedi \u00e0 dimanche dans l&rsquo;h\u00f4tel qui accueillait le c\u00e9l\u00e8bre d\u00eener de gala des correspondants de la Maison Blanche, en pr\u00e9sence du pr\u00e9sident des Etats-Unis. L&rsquo;homme a \u00e9t\u00e9 arr\u00eat\u00e9 apr\u00e8s des \u00e9changes de coups de feu avec les forces de l&rsquo;ordre. Les participants \u00e0 l&rsquo;\u00e9v\u00e9nement mondain ont \u00e9t\u00e9 \u00e9vacu\u00e9s.<\/p>","protected":false},"excerpt":{"rendered":"<p>Un homme arm\u00e9 a fait irruption dans la nuit de samedi \u00e0 dimanche dans l&rsquo;h\u00f4tel qui accueillait le c\u00e9l\u00e8bre d\u00eener de gala des correspondants de la Maison Blanche, en pr\u00e9sence [&hellip;]<\/p>\n","protected":false},"author":2,"featured_media":521352,"comment_status":"","ping_status":"closed","sticky":false,"template":"","format":"standard","meta":{"footnotes":""},"categories":[106],"tags":[],"class_list":["post-521351","post","type-post","status-publish","format-standard","has-post-thumbnail","hentry","category-actualites"],"_links":{"self":[{"href":"https:\/\/info-des-communes.fr\/index.php?rest_route=\/wp\/v2\/posts\/521351","targetHints":{"allow":["GET"]}}],"collection":[{"href":"https:\/\/info-des-communes.fr\/index.php?rest_route=\/wp\/v2\/posts"}],"about":[{"href":"https:\/\/info-des-communes.fr\/index.php?rest_route=\/wp\/v2\/types\/post"}],"author":[{"embeddable":true,"href":"https:\/\/info-des-communes.fr\/index.php?rest_route=\/wp\/v2\/users\/2"}],"replies":[{"embeddable":true,"href":"https:\/\/info-des-communes.fr\/index.php?rest_route=%2Fwp%2Fv2%2Fcomments&post=521351"}],"version-history":[{"count":0,"href":"https:\/\/info-des-communes.fr\/index.php?rest_route=\/wp\/v2\/posts\/521351\/revisions"}],"wp:featuredmedia":[{"embeddable":true,"href":"https:\/\/info-des-communes.fr\/index.php?rest_route=\/wp\/v2\/media\/521352"}],"wp:attachment":[{"href":"https:\/\/info-des-communes.fr\/index.php?rest_route=%2Fwp%2Fv2%2Fmedia&parent=521351"}],"wp:term":[{"taxonomy":"category","embeddable":true,"href":"https:\/\/info-des-communes.fr\/index.php?rest_route=%2Fwp%2Fv2%2Fcategories&post=521351"},{"taxonomy":"post_tag","embeddable":true,"href":"https:\/\/info-des-communes.fr\/index.php?rest_route=%2Fwp%2Fv2%2Ftags&post=521351"}],"curies":[{"name":"wp","href":"https:\/\/api.w.org\/{rel}","templated":true}]}}