{"id":521349,"date":"2026-04-26T06:00:03","date_gmt":"2026-04-26T04:00:03","guid":{"rendered":"https:\/\/info-des-communes.fr\/?p=521349"},"modified":"2026-04-26T06:00:03","modified_gmt":"2026-04-26T04:00:03","slug":"liege-bastogne-liege-paul-seixas-retrouve-tadej-pogacar-et-remco-evenepoel-pour-un-affrontement-au-sommet-sur-la-doyenne","status":"publish","type":"post","link":"https:\/\/info-des-communes.fr\/?p=521349","title":{"rendered":"Li\u00e8ge-Bastogne-Li\u00e8ge : Paul Seixas retrouve Tadej Pogacar et Remco Evenepoel pour un affrontement au sommet sur la Doyenne"},"content":{"rendered":"<p>Plus de six mois apr\u00e8s leur pr\u00e9sence sur une m\u00eame course, les trois champions seront au d\u00e9part de Li\u00e8ge-Bastogne-Li\u00e8ge, dimanche.<\/p>","protected":false},"excerpt":{"rendered":"<p>Plus de six mois apr\u00e8s leur pr\u00e9sence sur une m\u00eame course, les trois champions seront au d\u00e9part de Li\u00e8ge-Bastogne-Li\u00e8ge, dimanche.<\/p>\n","protected":false},"author":2,"featured_media":521350,"comment_status":"","ping_status":"closed","sticky":false,"template":"","format":"standard","meta":{"footnotes":""},"categories":[106],"tags":[],"class_list":["post-521349","post","type-post","status-publish","format-standard","has-post-thumbnail","hentry","category-actualites"],"_links":{"self":[{"href":"https:\/\/info-des-communes.fr\/index.php?rest_route=\/wp\/v2\/posts\/521349","targetHints":{"allow":["GET"]}}],"collection":[{"href":"https:\/\/info-des-communes.fr\/index.php?rest_route=\/wp\/v2\/posts"}],"about":[{"href":"https:\/\/info-des-communes.fr\/index.php?rest_route=\/wp\/v2\/types\/post"}],"author":[{"embeddable":true,"href":"https:\/\/info-des-communes.fr\/index.php?rest_route=\/wp\/v2\/users\/2"}],"replies":[{"embeddable":true,"href":"https:\/\/info-des-communes.fr\/index.php?rest_route=%2Fwp%2Fv2%2Fcomments&post=521349"}],"version-history":[{"count":0,"href":"https:\/\/info-des-communes.fr\/index.php?rest_route=\/wp\/v2\/posts\/521349\/revisions"}],"wp:featuredmedia":[{"embeddable":true,"href":"https:\/\/info-des-communes.fr\/index.php?rest_route=\/wp\/v2\/media\/521350"}],"wp:attachment":[{"href":"https:\/\/info-des-communes.fr\/index.php?rest_route=%2Fwp%2Fv2%2Fmedia&parent=521349"}],"wp:term":[{"taxonomy":"category","embeddable":true,"href":"https:\/\/info-des-communes.fr\/index.php?rest_route=%2Fwp%2Fv2%2Fcategories&post=521349"},{"taxonomy":"post_tag","embeddable":true,"href":"https:\/\/info-des-communes.fr\/index.php?rest_route=%2Fwp%2Fv2%2Ftags&post=521349"}],"curies":[{"name":"wp","href":"https:\/\/api.w.org\/{rel}","templated":true}]}}