{"id":521347,"date":"2026-04-26T10:09:27","date_gmt":"2026-04-26T08:09:27","guid":{"rendered":"https:\/\/info-des-communes.fr\/?p=521347"},"modified":"2026-04-26T10:09:27","modified_gmt":"2026-04-26T08:09:27","slug":"guerre-au-moyen-orient-donald-trump-ne-renoncera-pas-a-liran-apres-les-coups-de-feu-tires-au-diner-des-correspondants-de-la-maison-blanche","status":"publish","type":"post","link":"https:\/\/info-des-communes.fr\/?p=521347","title":{"rendered":"Guerre au Moyen-Orient\u00a0: Donald Trump \u00ab\u00a0ne renoncera pas\u00a0\u00bb \u00e0 l&rsquo;Iran apr\u00e8s les coups de feu tir\u00e9s au d\u00eener des correspondants de la Maison Blanche"},"content":{"rendered":"<p>\u00ab\u00a0Cela ne va pas me faire renoncer \u00e0 gagner la guerre en Iran\u00a0\u00bb, a assur\u00e9 samedi soir le pr\u00e9sident am\u00e9ricain,  devant la presse, quelques heures apr\u00e8s les tirs au d\u00eener de l&rsquo;Association des correspondants accr\u00e9dit\u00e9s \u00e0 la Maison Blanche, o\u00f9 il a \u00e9t\u00e9 \u00e9vacu\u00e9 de la tribune.<\/p>","protected":false},"excerpt":{"rendered":"<p>\u00ab\u00a0Cela ne va pas me faire renoncer \u00e0 gagner la guerre en Iran\u00a0\u00bb, a assur\u00e9 samedi soir le pr\u00e9sident am\u00e9ricain, devant la presse, quelques heures apr\u00e8s les tirs au d\u00eener [&hellip;]<\/p>\n","protected":false},"author":2,"featured_media":521348,"comment_status":"","ping_status":"closed","sticky":false,"template":"","format":"standard","meta":{"footnotes":""},"categories":[106],"tags":[],"class_list":["post-521347","post","type-post","status-publish","format-standard","has-post-thumbnail","hentry","category-actualites"],"_links":{"self":[{"href":"https:\/\/info-des-communes.fr\/index.php?rest_route=\/wp\/v2\/posts\/521347","targetHints":{"allow":["GET"]}}],"collection":[{"href":"https:\/\/info-des-communes.fr\/index.php?rest_route=\/wp\/v2\/posts"}],"about":[{"href":"https:\/\/info-des-communes.fr\/index.php?rest_route=\/wp\/v2\/types\/post"}],"author":[{"embeddable":true,"href":"https:\/\/info-des-communes.fr\/index.php?rest_route=\/wp\/v2\/users\/2"}],"replies":[{"embeddable":true,"href":"https:\/\/info-des-communes.fr\/index.php?rest_route=%2Fwp%2Fv2%2Fcomments&post=521347"}],"version-history":[{"count":0,"href":"https:\/\/info-des-communes.fr\/index.php?rest_route=\/wp\/v2\/posts\/521347\/revisions"}],"wp:featuredmedia":[{"embeddable":true,"href":"https:\/\/info-des-communes.fr\/index.php?rest_route=\/wp\/v2\/media\/521348"}],"wp:attachment":[{"href":"https:\/\/info-des-communes.fr\/index.php?rest_route=%2Fwp%2Fv2%2Fmedia&parent=521347"}],"wp:term":[{"taxonomy":"category","embeddable":true,"href":"https:\/\/info-des-communes.fr\/index.php?rest_route=%2Fwp%2Fv2%2Fcategories&post=521347"},{"taxonomy":"post_tag","embeddable":true,"href":"https:\/\/info-des-communes.fr\/index.php?rest_route=%2Fwp%2Fv2%2Ftags&post=521347"}],"curies":[{"name":"wp","href":"https:\/\/api.w.org\/{rel}","templated":true}]}}