{"id":521339,"date":"2026-04-26T07:29:33","date_gmt":"2026-04-26T05:29:33","guid":{"rendered":"https:\/\/info-des-communes.fr\/?p=521339"},"modified":"2026-04-26T07:29:33","modified_gmt":"2026-04-26T05:29:33","slug":"a-lepoque-tout-a-ete-etouffe-quarante-ans-apres-laccident-nucleaire-de-tchernobyl-un-documentaire-revient-sur-les-silences-des-autorites-sovietiques","status":"publish","type":"post","link":"https:\/\/info-des-communes.fr\/?p=521339","title":{"rendered":"\u00ab\u00a0A l&rsquo;\u00e9poque, tout a \u00e9t\u00e9 \u00e9touff\u00e9\u00a0\u00bb\u00a0: quarante ans apr\u00e8s l&rsquo;accident nucl\u00e9aire de Tchernobyl, un documentaire revient sur les silences des autorit\u00e9s sovi\u00e9tiques"},"content":{"rendered":"<p>A l&rsquo;occasion du quaranti\u00e8me anniversaire du premier accident nucl\u00e9aire majeur de l&rsquo;histoire, France 2 propose mardi une soir\u00e9e sp\u00e9ciale d\u00e9di\u00e9e \u00e0 la trag\u00e9die de Tchernobyl, avec la diffusion d&rsquo;une s\u00e9rie documentaire in\u00e9dite qui revient sur les circonstances de ce drame.<\/p>","protected":false},"excerpt":{"rendered":"<p>A l&rsquo;occasion du quaranti\u00e8me anniversaire du premier accident nucl\u00e9aire majeur de l&rsquo;histoire, France 2 propose mardi une soir\u00e9e sp\u00e9ciale d\u00e9di\u00e9e \u00e0 la trag\u00e9die de Tchernobyl, avec la diffusion d&rsquo;une s\u00e9rie [&hellip;]<\/p>\n","protected":false},"author":2,"featured_media":521340,"comment_status":"","ping_status":"closed","sticky":false,"template":"","format":"standard","meta":{"footnotes":""},"categories":[106],"tags":[],"class_list":["post-521339","post","type-post","status-publish","format-standard","has-post-thumbnail","hentry","category-actualites"],"_links":{"self":[{"href":"https:\/\/info-des-communes.fr\/index.php?rest_route=\/wp\/v2\/posts\/521339","targetHints":{"allow":["GET"]}}],"collection":[{"href":"https:\/\/info-des-communes.fr\/index.php?rest_route=\/wp\/v2\/posts"}],"about":[{"href":"https:\/\/info-des-communes.fr\/index.php?rest_route=\/wp\/v2\/types\/post"}],"author":[{"embeddable":true,"href":"https:\/\/info-des-communes.fr\/index.php?rest_route=\/wp\/v2\/users\/2"}],"replies":[{"embeddable":true,"href":"https:\/\/info-des-communes.fr\/index.php?rest_route=%2Fwp%2Fv2%2Fcomments&post=521339"}],"version-history":[{"count":0,"href":"https:\/\/info-des-communes.fr\/index.php?rest_route=\/wp\/v2\/posts\/521339\/revisions"}],"wp:featuredmedia":[{"embeddable":true,"href":"https:\/\/info-des-communes.fr\/index.php?rest_route=\/wp\/v2\/media\/521340"}],"wp:attachment":[{"href":"https:\/\/info-des-communes.fr\/index.php?rest_route=%2Fwp%2Fv2%2Fmedia&parent=521339"}],"wp:term":[{"taxonomy":"category","embeddable":true,"href":"https:\/\/info-des-communes.fr\/index.php?rest_route=%2Fwp%2Fv2%2Fcategories&post=521339"},{"taxonomy":"post_tag","embeddable":true,"href":"https:\/\/info-des-communes.fr\/index.php?rest_route=%2Fwp%2Fv2%2Ftags&post=521339"}],"curies":[{"name":"wp","href":"https:\/\/api.w.org\/{rel}","templated":true}]}}