{"id":521322,"date":"2026-04-25T19:03:23","date_gmt":"2026-04-25T17:03:23","guid":{"rendered":"https:\/\/info-des-communes.fr\/?p=521322"},"modified":"2026-04-25T19:03:23","modified_gmt":"2026-04-25T17:03:23","slug":"on-vous-explique-pourquoi-les-specialistes-redoutent-une-penurie-de-carburant-en-france","status":"publish","type":"post","link":"https:\/\/info-des-communes.fr\/?p=521322","title":{"rendered":"On vous explique pourquoi les sp\u00e9cialistes redoutent une p\u00e9nurie de carburant en France"},"content":{"rendered":"<p>Le patron de TotalEnergies, Patrick Pouyann\u00e9, a estim\u00e9 vendredi que la France risquait d&rsquo;entrer \u00ab\u00a0dans une \u00e8re de p\u00e9nurie \u00e9nerg\u00e9tique\u00a0\u00bb en raison de la guerre au Moyen-Orient. Samedi, Emmanuel Macron a rejet\u00e9 cette analyse pourtant partag\u00e9e par les experts.<\/p>","protected":false},"excerpt":{"rendered":"<p>Le patron de TotalEnergies, Patrick Pouyann\u00e9, a estim\u00e9 vendredi que la France risquait d&rsquo;entrer \u00ab\u00a0dans une \u00e8re de p\u00e9nurie \u00e9nerg\u00e9tique\u00a0\u00bb en raison de la guerre au Moyen-Orient. Samedi, Emmanuel Macron [&hellip;]<\/p>\n","protected":false},"author":2,"featured_media":521323,"comment_status":"","ping_status":"closed","sticky":false,"template":"","format":"standard","meta":{"footnotes":""},"categories":[106],"tags":[],"class_list":["post-521322","post","type-post","status-publish","format-standard","has-post-thumbnail","hentry","category-actualites"],"_links":{"self":[{"href":"https:\/\/info-des-communes.fr\/index.php?rest_route=\/wp\/v2\/posts\/521322","targetHints":{"allow":["GET"]}}],"collection":[{"href":"https:\/\/info-des-communes.fr\/index.php?rest_route=\/wp\/v2\/posts"}],"about":[{"href":"https:\/\/info-des-communes.fr\/index.php?rest_route=\/wp\/v2\/types\/post"}],"author":[{"embeddable":true,"href":"https:\/\/info-des-communes.fr\/index.php?rest_route=\/wp\/v2\/users\/2"}],"replies":[{"embeddable":true,"href":"https:\/\/info-des-communes.fr\/index.php?rest_route=%2Fwp%2Fv2%2Fcomments&post=521322"}],"version-history":[{"count":0,"href":"https:\/\/info-des-communes.fr\/index.php?rest_route=\/wp\/v2\/posts\/521322\/revisions"}],"wp:featuredmedia":[{"embeddable":true,"href":"https:\/\/info-des-communes.fr\/index.php?rest_route=\/wp\/v2\/media\/521323"}],"wp:attachment":[{"href":"https:\/\/info-des-communes.fr\/index.php?rest_route=%2Fwp%2Fv2%2Fmedia&parent=521322"}],"wp:term":[{"taxonomy":"category","embeddable":true,"href":"https:\/\/info-des-communes.fr\/index.php?rest_route=%2Fwp%2Fv2%2Fcategories&post=521322"},{"taxonomy":"post_tag","embeddable":true,"href":"https:\/\/info-des-communes.fr\/index.php?rest_route=%2Fwp%2Fv2%2Ftags&post=521322"}],"curies":[{"name":"wp","href":"https:\/\/api.w.org\/{rel}","templated":true}]}}