{"id":521320,"date":"2026-04-25T16:39:52","date_gmt":"2026-04-25T14:39:52","guid":{"rendered":"https:\/\/info-des-communes.fr\/?p=521320"},"modified":"2026-04-25T16:39:52","modified_gmt":"2026-04-25T14:39:52","slug":"jetais-terrorisee-une-octogenaire-francaise-raconte-son-calvaire-apres-sa-detention-dans-un-centre-pour-migrants-aux-etats-unis","status":"publish","type":"post","link":"https:\/\/info-des-communes.fr\/?p=521320","title":{"rendered":"\u00ab\u00a0J&rsquo;\u00e9tais terroris\u00e9e\u00a0\u00bb : une octog\u00e9naire fran\u00e7aise raconte son calvaire, apr\u00e8s sa d\u00e9tention dans un centre pour migrants aux Etats-Unis"},"content":{"rendered":"<p>Marie-Th\u00e9r\u00e8se Ross, 86 ans, a pass\u00e9 plus de deux semaines en d\u00e9tention car son visa n&rsquo;\u00e9tait plus valable. De retour dans l&rsquo;agglom\u00e9ration nantaise, elle s&rsquo;est confi\u00e9e aupr\u00e8s du quotidien \u00ab\u00a0Ouest-France\u00a0\u00bb.<\/p>","protected":false},"excerpt":{"rendered":"<p>Marie-Th\u00e9r\u00e8se Ross, 86 ans, a pass\u00e9 plus de deux semaines en d\u00e9tention car son visa n&rsquo;\u00e9tait plus valable. De retour dans l&rsquo;agglom\u00e9ration nantaise, elle s&rsquo;est confi\u00e9e aupr\u00e8s du quotidien \u00ab\u00a0Ouest-France\u00a0\u00bb.<\/p>\n","protected":false},"author":2,"featured_media":521321,"comment_status":"","ping_status":"closed","sticky":false,"template":"","format":"standard","meta":{"footnotes":""},"categories":[106],"tags":[],"class_list":["post-521320","post","type-post","status-publish","format-standard","has-post-thumbnail","hentry","category-actualites"],"_links":{"self":[{"href":"https:\/\/info-des-communes.fr\/index.php?rest_route=\/wp\/v2\/posts\/521320","targetHints":{"allow":["GET"]}}],"collection":[{"href":"https:\/\/info-des-communes.fr\/index.php?rest_route=\/wp\/v2\/posts"}],"about":[{"href":"https:\/\/info-des-communes.fr\/index.php?rest_route=\/wp\/v2\/types\/post"}],"author":[{"embeddable":true,"href":"https:\/\/info-des-communes.fr\/index.php?rest_route=\/wp\/v2\/users\/2"}],"replies":[{"embeddable":true,"href":"https:\/\/info-des-communes.fr\/index.php?rest_route=%2Fwp%2Fv2%2Fcomments&post=521320"}],"version-history":[{"count":0,"href":"https:\/\/info-des-communes.fr\/index.php?rest_route=\/wp\/v2\/posts\/521320\/revisions"}],"wp:featuredmedia":[{"embeddable":true,"href":"https:\/\/info-des-communes.fr\/index.php?rest_route=\/wp\/v2\/media\/521321"}],"wp:attachment":[{"href":"https:\/\/info-des-communes.fr\/index.php?rest_route=%2Fwp%2Fv2%2Fmedia&parent=521320"}],"wp:term":[{"taxonomy":"category","embeddable":true,"href":"https:\/\/info-des-communes.fr\/index.php?rest_route=%2Fwp%2Fv2%2Fcategories&post=521320"},{"taxonomy":"post_tag","embeddable":true,"href":"https:\/\/info-des-communes.fr\/index.php?rest_route=%2Fwp%2Fv2%2Ftags&post=521320"}],"curies":[{"name":"wp","href":"https:\/\/api.w.org\/{rel}","templated":true}]}}