{"id":521294,"date":"2026-04-25T07:57:20","date_gmt":"2026-04-25T05:57:20","guid":{"rendered":"https:\/\/info-des-communes.fr\/?p=521294"},"modified":"2026-04-25T07:57:20","modified_gmt":"2026-04-25T05:57:20","slug":"mettre-le-cachet-de-lassemblee-dessus-cest-complique-la-commission-denquete-sur-laudiovisuel-public-bloquera-t-elle-le-rapport-de-charles-alloncle","status":"publish","type":"post","link":"https:\/\/info-des-communes.fr\/?p=521294","title":{"rendered":"\u00ab\u00a0Mettre le cachet de l&rsquo;Assembl\u00e9e dessus, c&rsquo;est compliqu\u00e9\u00a0\u00bb\u00a0: la commission d&rsquo;enqu\u00eate sur l&rsquo;audiovisuel public bloquera-t-elle le rapport de Charles Alloncle\u00a0?"},"content":{"rendered":"<p>Apr\u00e8s six mois de travaux fortement m\u00e9diatis\u00e9s et de controverses en tout genre, les d\u00e9put\u00e9s membres de la commission d&rsquo;enqu\u00eate voteront lundi pour publier ou non les conclusions et recommandations du d\u00e9put\u00e9 UDR, son rapporteur, avec lequel beaucoup sont en d\u00e9saccord.<\/p>","protected":false},"excerpt":{"rendered":"<p>Apr\u00e8s six mois de travaux fortement m\u00e9diatis\u00e9s et de controverses en tout genre, les d\u00e9put\u00e9s membres de la commission d&rsquo;enqu\u00eate voteront lundi pour publier ou non les conclusions et recommandations [&hellip;]<\/p>\n","protected":false},"author":2,"featured_media":521295,"comment_status":"","ping_status":"closed","sticky":false,"template":"","format":"standard","meta":{"footnotes":""},"categories":[106],"tags":[],"class_list":["post-521294","post","type-post","status-publish","format-standard","has-post-thumbnail","hentry","category-actualites"],"_links":{"self":[{"href":"https:\/\/info-des-communes.fr\/index.php?rest_route=\/wp\/v2\/posts\/521294","targetHints":{"allow":["GET"]}}],"collection":[{"href":"https:\/\/info-des-communes.fr\/index.php?rest_route=\/wp\/v2\/posts"}],"about":[{"href":"https:\/\/info-des-communes.fr\/index.php?rest_route=\/wp\/v2\/types\/post"}],"author":[{"embeddable":true,"href":"https:\/\/info-des-communes.fr\/index.php?rest_route=\/wp\/v2\/users\/2"}],"replies":[{"embeddable":true,"href":"https:\/\/info-des-communes.fr\/index.php?rest_route=%2Fwp%2Fv2%2Fcomments&post=521294"}],"version-history":[{"count":0,"href":"https:\/\/info-des-communes.fr\/index.php?rest_route=\/wp\/v2\/posts\/521294\/revisions"}],"wp:featuredmedia":[{"embeddable":true,"href":"https:\/\/info-des-communes.fr\/index.php?rest_route=\/wp\/v2\/media\/521295"}],"wp:attachment":[{"href":"https:\/\/info-des-communes.fr\/index.php?rest_route=%2Fwp%2Fv2%2Fmedia&parent=521294"}],"wp:term":[{"taxonomy":"category","embeddable":true,"href":"https:\/\/info-des-communes.fr\/index.php?rest_route=%2Fwp%2Fv2%2Fcategories&post=521294"},{"taxonomy":"post_tag","embeddable":true,"href":"https:\/\/info-des-communes.fr\/index.php?rest_route=%2Fwp%2Fv2%2Ftags&post=521294"}],"curies":[{"name":"wp","href":"https:\/\/api.w.org\/{rel}","templated":true}]}}