{"id":521271,"date":"2026-04-24T20:55:37","date_gmt":"2026-04-24T18:55:37","guid":{"rendered":"https:\/\/info-des-communes.fr\/?p=521271"},"modified":"2026-04-24T20:55:37","modified_gmt":"2026-04-24T18:55:37","slug":"assassinat-de-lenseignante-agnes-lassalle-leleve-a-ete-condamne-a-15-ans-de-reclusion-criminelle","status":"publish","type":"post","link":"https:\/\/info-des-communes.fr\/?p=521271","title":{"rendered":"Assassinat de l&rsquo;enseignante Agn\u00e8s Lassalle : l&rsquo;\u00e9l\u00e8ve a \u00e9t\u00e9 condamn\u00e9 \u00e0 15\u00a0ans de r\u00e9clusion criminelle"},"content":{"rendered":"<p>C&rsquo;est moins que la peine de 16 ans requise par l&rsquo;avocate g\u00e9n\u00e9rale.<\/p>","protected":false},"excerpt":{"rendered":"<p>C&rsquo;est moins que la peine de 16 ans requise par l&rsquo;avocate g\u00e9n\u00e9rale.<\/p>\n","protected":false},"author":2,"featured_media":521272,"comment_status":"","ping_status":"closed","sticky":false,"template":"","format":"standard","meta":{"footnotes":""},"categories":[106],"tags":[],"class_list":["post-521271","post","type-post","status-publish","format-standard","has-post-thumbnail","hentry","category-actualites"],"_links":{"self":[{"href":"https:\/\/info-des-communes.fr\/index.php?rest_route=\/wp\/v2\/posts\/521271","targetHints":{"allow":["GET"]}}],"collection":[{"href":"https:\/\/info-des-communes.fr\/index.php?rest_route=\/wp\/v2\/posts"}],"about":[{"href":"https:\/\/info-des-communes.fr\/index.php?rest_route=\/wp\/v2\/types\/post"}],"author":[{"embeddable":true,"href":"https:\/\/info-des-communes.fr\/index.php?rest_route=\/wp\/v2\/users\/2"}],"replies":[{"embeddable":true,"href":"https:\/\/info-des-communes.fr\/index.php?rest_route=%2Fwp%2Fv2%2Fcomments&post=521271"}],"version-history":[{"count":0,"href":"https:\/\/info-des-communes.fr\/index.php?rest_route=\/wp\/v2\/posts\/521271\/revisions"}],"wp:featuredmedia":[{"embeddable":true,"href":"https:\/\/info-des-communes.fr\/index.php?rest_route=\/wp\/v2\/media\/521272"}],"wp:attachment":[{"href":"https:\/\/info-des-communes.fr\/index.php?rest_route=%2Fwp%2Fv2%2Fmedia&parent=521271"}],"wp:term":[{"taxonomy":"category","embeddable":true,"href":"https:\/\/info-des-communes.fr\/index.php?rest_route=%2Fwp%2Fv2%2Fcategories&post=521271"},{"taxonomy":"post_tag","embeddable":true,"href":"https:\/\/info-des-communes.fr\/index.php?rest_route=%2Fwp%2Fv2%2Ftags&post=521271"}],"curies":[{"name":"wp","href":"https:\/\/api.w.org\/{rel}","templated":true}]}}