{"id":521210,"date":"2026-04-23T20:51:32","date_gmt":"2026-04-23T18:51:32","guid":{"rendered":"https:\/\/info-des-communes.fr\/?p=521210"},"modified":"2026-04-23T20:51:32","modified_gmt":"2026-04-23T18:51:32","slug":"logement-pour-le-reseau-action-climat-les-annonces-du-gouvernement-sur-les-passoires-energetiques-signent-un-recul","status":"publish","type":"post","link":"https:\/\/info-des-communes.fr\/?p=521210","title":{"rendered":"Logement : pour le R\u00e9seau Action Climat, les annonces du gouvernement sur les passoires \u00e9nerg\u00e9tiques signent \u00ab\u00a0un recul\u00a0\u00bb"},"content":{"rendered":"<p>Le Premier ministre, S\u00e9bastien Lecornu, a annonc\u00e9 un projet de loi sur le logement, comprenant des mesures de simplification, de d\u00e9centralisation et d&rsquo;all\u00e8gement des contraintes qui p\u00e8sent sur les passoires \u00e9nerg\u00e9tiques.<\/p>","protected":false},"excerpt":{"rendered":"<p>Le Premier ministre, S\u00e9bastien Lecornu, a annonc\u00e9 un projet de loi sur le logement, comprenant des mesures de simplification, de d\u00e9centralisation et d&rsquo;all\u00e8gement des contraintes qui p\u00e8sent sur les passoires [&hellip;]<\/p>\n","protected":false},"author":2,"featured_media":521211,"comment_status":"","ping_status":"closed","sticky":false,"template":"","format":"standard","meta":{"footnotes":""},"categories":[106],"tags":[],"class_list":["post-521210","post","type-post","status-publish","format-standard","has-post-thumbnail","hentry","category-actualites"],"_links":{"self":[{"href":"https:\/\/info-des-communes.fr\/index.php?rest_route=\/wp\/v2\/posts\/521210","targetHints":{"allow":["GET"]}}],"collection":[{"href":"https:\/\/info-des-communes.fr\/index.php?rest_route=\/wp\/v2\/posts"}],"about":[{"href":"https:\/\/info-des-communes.fr\/index.php?rest_route=\/wp\/v2\/types\/post"}],"author":[{"embeddable":true,"href":"https:\/\/info-des-communes.fr\/index.php?rest_route=\/wp\/v2\/users\/2"}],"replies":[{"embeddable":true,"href":"https:\/\/info-des-communes.fr\/index.php?rest_route=%2Fwp%2Fv2%2Fcomments&post=521210"}],"version-history":[{"count":0,"href":"https:\/\/info-des-communes.fr\/index.php?rest_route=\/wp\/v2\/posts\/521210\/revisions"}],"wp:featuredmedia":[{"embeddable":true,"href":"https:\/\/info-des-communes.fr\/index.php?rest_route=\/wp\/v2\/media\/521211"}],"wp:attachment":[{"href":"https:\/\/info-des-communes.fr\/index.php?rest_route=%2Fwp%2Fv2%2Fmedia&parent=521210"}],"wp:term":[{"taxonomy":"category","embeddable":true,"href":"https:\/\/info-des-communes.fr\/index.php?rest_route=%2Fwp%2Fv2%2Fcategories&post=521210"},{"taxonomy":"post_tag","embeddable":true,"href":"https:\/\/info-des-communes.fr\/index.php?rest_route=%2Fwp%2Fv2%2Ftags&post=521210"}],"curies":[{"name":"wp","href":"https:\/\/api.w.org\/{rel}","templated":true}]}}